{"id":956,"date":"2022-01-31T11:50:48","date_gmt":"2022-01-31T17:50:48","guid":{"rendered":"http:\/\/elveracruzano.vip\/?p=956"},"modified":"2022-01-31T11:50:49","modified_gmt":"2022-01-31T17:50:49","slug":"firma-del-acta-de-instalacion-de-la-comision-edilicia-de-educacion-recreacion-cultura-actos-civicos-y-fomento-deportivo-de-xalapa","status":"publish","type":"post","link":"https:\/\/elveracruzano.vip\/?p=956","title":{"rendered":"Firma del Acta de Instalaci\u00f3n de la Comisi\u00f3n Edilicia de Educaci\u00f3n, Recreaci\u00f3n, Cultura, Actos C\u00edvicos y Fomento Deportivo de Xalapa"},"content":{"rendered":"\n<p><strong>#Xalapa<\/strong>, <strong>#Ver<\/strong>.- La reuni\u00f3n estuvo encabezada por la regidora novena, Minerva Salcedo Baca, titular de la Comisi\u00f3n, y el presidente municipal Ricardo Ahued Bardahuil. La Comisi\u00f3n est\u00e1 integrada, adem\u00e1s, por los regidores Mart\u00edn Victoriano Espinoza Rold\u00e1n y Daniel Fern\u00e1ndez Carri\u00f3n.<\/p>\n\n\n\n<p>Tambi\u00e9n se cont\u00f3 con la presencia de la s\u00edndica \u00fanica, Cecilia Coronel Brizio; el subsecretario de Desarrollo Educativo, Mois\u00e9s P\u00e9rez Dom\u00ednguez, en representaci\u00f3n del secretario de Educaci\u00f3n del Estado de Veracruz, Zenyazen Escobar Garc\u00eda; las regidoras Mar\u00eda Guadalupe M\u00e1rquez Leonardo, Zabdy Asmaveth Quezada Valdez y Ana Cristina Hern\u00e1ndez Aburto; el regidor Carlos Rugerio Mart\u00ednez; Karla Montano Rocher, encargada de la subdirecci\u00f3n de Cultura; Edgar Eduardo Ruiz Cervantes, encargado de la subdirecci\u00f3n de Educaci\u00f3n; funcionarias y funcionarios municipales, as\u00ed como colectivos culturales.<\/p>\n\n\n\n<p><strong>#ElVeracruzanoVip<\/strong><\/p>\n","protected":false},"excerpt":{"rendered":"<p>#Xalapa, #Ver.- La reuni\u00f3n estuvo encabezada por la regidora novena, Minerva Salcedo Baca, titular de la Comisi\u00f3n, y el presidente<\/p>\n","protected":false},"author":1,"featured_media":0,"comment_status":"open","ping_status":"open","sticky":false,"template":"","format":"standard","meta":{"colormag_page_container_layout":"default_layout","colormag_page_sidebar_layout":"default_layout","rop_custom_images_group":[],"rop_custom_messages_group":[],"rop_publish_now":"initial","rop_publish_now_accounts":{"facebook_109133384920963_108472061465099":""},"rop_publish_now_history":[],"rop_publish_now_status":"pending","footnotes":""},"categories":[11],"tags":[17,26,20,18,19,77,21,23,22,32],"class_list":["post-956","post","type-post","status-publish","format-standard","hentry","category-municipios-destacados","tag-cuitlahuac-garcia-jimenez","tag-el-veracruzano-vip","tag-enterate","tag-gobierno-del-estado-de-veracruz","tag-redes-sociales","tag-ricardo-ahued-bardahuil","tag-ultima-hora","tag-ultimas-noticias","tag-ultimo-minuto","tag-xalapa"],"_links":{"self":[{"href":"https:\/\/elveracruzano.vip\/index.php?rest_route=\/wp\/v2\/posts\/956","targetHints":{"allow":["GET"]}}],"collection":[{"href":"https:\/\/elveracruzano.vip\/index.php?rest_route=\/wp\/v2\/posts"}],"about":[{"href":"https:\/\/elveracruzano.vip\/index.php?rest_route=\/wp\/v2\/types\/post"}],"author":[{"embeddable":true,"href":"https:\/\/elveracruzano.vip\/index.php?rest_route=\/wp\/v2\/users\/1"}],"replies":[{"embeddable":true,"href":"https:\/\/elveracruzano.vip\/index.php?rest_route=%2Fwp%2Fv2%2Fcomments&post=956"}],"version-history":[{"count":1,"href":"https:\/\/elveracruzano.vip\/index.php?rest_route=\/wp\/v2\/posts\/956\/revisions"}],"predecessor-version":[{"id":958,"href":"https:\/\/elveracruzano.vip\/index.php?rest_route=\/wp\/v2\/posts\/956\/revisions\/958"}],"wp:attachment":[{"href":"https:\/\/elveracruzano.vip\/index.php?rest_route=%2Fwp%2Fv2%2Fmedia&parent=956"}],"wp:term":[{"taxonomy":"category","embeddable":true,"href":"https:\/\/elveracruzano.vip\/index.php?rest_route=%2Fwp%2Fv2%2Fcategories&post=956"},{"taxonomy":"post_tag","embeddable":true,"href":"https:\/\/elveracruzano.vip\/index.php?rest_route=%2Fwp%2Fv2%2Ftags&post=956"}],"curies":[{"name":"wp","href":"https:\/\/api.w.org\/{rel}","templated":true}]}}