{"id":9403,"date":"2026-06-02T20:48:22","date_gmt":"2026-06-03T02:48:22","guid":{"rendered":"https:\/\/elveracruzano.vip\/?p=9403"},"modified":"2026-06-02T20:50:12","modified_gmt":"2026-06-03T02:50:12","slug":"mas-de-2-mil-800-jovenes-convierten-a-veracruz-en-la-capital-nacional-del-deporte-y-el-civismo-estudiantil-rocionahle","status":"publish","type":"post","link":"https:\/\/elveracruzano.vip\/?p=9403","title":{"rendered":"M\u00e1s de 2 mil 800 j\u00f3venes convierten a Veracruz en la capital nacional del deporte y el civismo estudiantil \/  @rocionahle"},"content":{"rendered":"\n<p class=\"wp-block-paragraph\"><strong>(#TalentoJuvenil #DeporteYEducaci\u00f3n) *** #GobiernoDeVeracruz.-  <\/strong>La zona conurbada de <strong>Veracruz\u2013Boca del R\u00edo<\/strong> se convirti\u00f3 en el epicentro del entusiasmo estudiantil con la inauguraci\u00f3n del <strong>\u201cEncuentro Nacional C\u00edvico y Deportivo DGETAyCM 2026\u201d<\/strong>, una de las concentraciones juveniles m\u00e1s importantes del pa\u00eds. M\u00e1s de <strong>2 mil 800 deportistas<\/strong> procedentes de 25 entidades federativas participan en esta jornada que promueve la excelencia acad\u00e9mica, la disciplina deportiva y la formaci\u00f3n en valores. El encuentro re\u00fane a estudiantes de instituciones especializadas en \u00e1reas agropecuarias, forestales y mar\u00edtimas, fortaleciendo los lazos de convivencia entre las nuevas generaciones. Adem\u00e1s, la presencia de miles de asistentes confirma la relevancia nacional de este espacio de integraci\u00f3n educativa. La iniciativa refleja el compromiso de las autoridades con el desarrollo integral de la juventud mexicana.<\/p>\n\n\n\n<p class=\"wp-block-paragraph\">Las competencias contemplan disciplinas emblem\u00e1ticas como <strong>\u201cescolta de bandera\u201d<\/strong>, <strong>\u201cbanda de guerra\u201d<\/strong>, voleibol femenil y varonil, b\u00e9isbol y softbol, actividades que impulsan el trabajo en equipo, el liderazgo y la sana convivencia. De manera paralela, la <strong>\u201cBanda Monumental de la DGETAyCM\u201d<\/strong> ofrecer\u00e1 una presentaci\u00f3n especial en la <strong>Macroplaza<\/strong>, donde 14 agrupaciones ejecutar\u00e1n una exhibici\u00f3n simult\u00e1nea que promete convertirse en uno de los momentos m\u00e1s representativos de esta edici\u00f3n.<\/p>\n\n\n\n<figure class=\"wp-block-image aligncenter size-medium\"><img loading=\"lazy\" decoding=\"async\" width=\"300\" height=\"200\" src=\"https:\/\/elveracruzano.vip\/wp-content\/uploads\/2026\/06\/veravruz-2-300x200.jpeg\" alt=\"\" class=\"wp-image-9407\" srcset=\"https:\/\/elveracruzano.vip\/wp-content\/uploads\/2026\/06\/veravruz-2-300x200.jpeg 300w, https:\/\/elveracruzano.vip\/wp-content\/uploads\/2026\/06\/veravruz-2-1024x682.jpeg 1024w, https:\/\/elveracruzano.vip\/wp-content\/uploads\/2026\/06\/veravruz-2-768x512.jpeg 768w, https:\/\/elveracruzano.vip\/wp-content\/uploads\/2026\/06\/veravruz-2-1536x1023.jpeg 1536w, https:\/\/elveracruzano.vip\/wp-content\/uploads\/2026\/06\/veravruz-2-600x400.jpeg 600w, https:\/\/elveracruzano.vip\/wp-content\/uploads\/2026\/06\/veravruz-2.jpeg 1600w\" sizes=\"auto, (max-width: 300px) 100vw, 300px\" \/><\/figure>\n\n\n\n<p class=\"wp-block-paragraph\">Durante la ceremonia inaugural, la secretaria de Educaci\u00f3n de Veracruz, <strong>Claudia Tello Espinosa<\/strong>, quien acudi\u00f3 en representaci\u00f3n de la gobernadora <strong>Roc\u00edo Nahle Garc\u00eda<\/strong>, destac\u00f3 la relevancia de las <strong>\u201cbecas educativas\u201d<\/strong> como instrumento para fortalecer la permanencia escolar y ampliar las oportunidades de crecimiento para la juventud. Esta visi\u00f3n coincide con la tendencia nacional de impulsar programas que combinan educaci\u00f3n, cultura y deporte como pilares fundamentales para la construcci\u00f3n de comunidades m\u00e1s participativas, inclusivas y preparadas para los desaf\u00edos del futuro.<\/p>\n\n\n\n<p class=\"wp-block-paragraph\">Al encuentro tambi\u00e9n asistieron <strong>Nidia Caril\u00fa Nava Palomec<\/strong>, <strong>Mario Hern\u00e1ndez Gonz\u00e1lez<\/strong> y <strong>Francisco Manuel Henaro Romero<\/strong>, quienes refrendaron el compromiso institucional de seguir fortaleciendo los espacios que impulsan la <strong>educaci\u00f3n integral<\/strong>, el <strong>civismo<\/strong> y el <strong>desarrollo deportivo<\/strong> de las y los estudiantes mexicanos.<\/p>\n\n\n\n<p class=\"wp-block-paragraph\"><strong>#ElVeracruzanoVIP <\/strong>\u2013\u00a0<strong><ins>&#8211; <\/ins><\/strong><a href=\"https:\/\/www.facebook.com\/ElVeracruzanoVIP\/\">El Veracruzano VIP<\/a><\/p>\n\n\n\n<figure class=\"wp-block-image aligncenter size-full\"><img loading=\"lazy\" decoding=\"async\" width=\"650\" height=\"400\" src=\"http:\/\/elveracruzano.vip\/wp-content\/uploads\/2026\/06\/veracruz-estado-e1780454866915.jpeg\" alt=\"\" class=\"wp-image-9404\"\/><\/figure>\n","protected":false},"excerpt":{"rendered":"<p>(#TalentoJuvenil #DeporteYEducaci\u00f3n) *** #GobiernoDeVeracruz.- La zona conurbada de Veracruz\u2013Boca del R\u00edo se convirti\u00f3 en el epicentro del entusiasmo estudiantil con<\/p>\n","protected":false},"author":4,"featured_media":9404,"comment_status":"open","ping_status":"open","sticky":false,"template":"","format":"standard","meta":{"colormag_page_container_layout":"default_layout","colormag_page_sidebar_layout":"default_layout","rop_custom_images_group":[],"rop_custom_messages_group":[],"rop_publish_now":"no","rop_publish_now_accounts":{"facebook_109133384920963_108472061465099":""},"rop_publish_now_history":[{"account":"facebook_109133384920963_108472061465099","service":"facebook","timestamp":1780454923,"status":"success"}],"rop_publish_now_status":"done","footnotes":""},"categories":[13],"tags":[112,27,26,20,18,19,113,91,84,21,23,22],"class_list":["post-9403","post","type-post","status-publish","format-standard","has-post-thumbnail","hentry","category-principales","tag-claudia-sheinbaum-pardo","tag-dif-estatal-veracruz-oficial","tag-el-veracruzano-vip","tag-enterate","tag-gobierno-del-estado-de-veracruz","tag-redes-sociales","tag-rocio-nahle-garcia","tag-secretaria-de-educacion-veracruz","tag-secretaria-de-proteccion-civil-del-estado-de-veracruz","tag-ultima-hora","tag-ultimas-noticias","tag-ultimo-minuto"],"_links":{"self":[{"href":"https:\/\/elveracruzano.vip\/index.php?rest_route=\/wp\/v2\/posts\/9403","targetHints":{"allow":["GET"]}}],"collection":[{"href":"https:\/\/elveracruzano.vip\/index.php?rest_route=\/wp\/v2\/posts"}],"about":[{"href":"https:\/\/elveracruzano.vip\/index.php?rest_route=\/wp\/v2\/types\/post"}],"author":[{"embeddable":true,"href":"https:\/\/elveracruzano.vip\/index.php?rest_route=\/wp\/v2\/users\/4"}],"replies":[{"embeddable":true,"href":"https:\/\/elveracruzano.vip\/index.php?rest_route=%2Fwp%2Fv2%2Fcomments&post=9403"}],"version-history":[{"count":3,"href":"https:\/\/elveracruzano.vip\/index.php?rest_route=\/wp\/v2\/posts\/9403\/revisions"}],"predecessor-version":[{"id":9408,"href":"https:\/\/elveracruzano.vip\/index.php?rest_route=\/wp\/v2\/posts\/9403\/revisions\/9408"}],"wp:featuredmedia":[{"embeddable":true,"href":"https:\/\/elveracruzano.vip\/index.php?rest_route=\/wp\/v2\/media\/9404"}],"wp:attachment":[{"href":"https:\/\/elveracruzano.vip\/index.php?rest_route=%2Fwp%2Fv2%2Fmedia&parent=9403"}],"wp:term":[{"taxonomy":"category","embeddable":true,"href":"https:\/\/elveracruzano.vip\/index.php?rest_route=%2Fwp%2Fv2%2Fcategories&post=9403"},{"taxonomy":"post_tag","embeddable":true,"href":"https:\/\/elveracruzano.vip\/index.php?rest_route=%2Fwp%2Fv2%2Ftags&post=9403"}],"curies":[{"name":"wp","href":"https:\/\/api.w.org\/{rel}","templated":true}]}}