{"id":9168,"date":"2025-10-02T19:23:37","date_gmt":"2025-10-03T01:23:37","guid":{"rendered":"https:\/\/elveracruzano.vip\/?p=9168"},"modified":"2025-10-02T19:23:37","modified_gmt":"2025-10-03T01:23:37","slug":"con-el-pie-derecho-arranca-el-mundial-de-voleibol-challenge-veracruz-2025-en-boca-del-rio-jm_unanue-_bocadelrio","status":"publish","type":"post","link":"https:\/\/elveracruzano.vip\/?p=9168","title":{"rendered":"Con el pie derecho arranca el Mundial de Voleibol Challenge Veracruz 2025 en Boca del R\u00edo \/ @JM_UNANUE @_BocadelRio >>>"},"content":{"rendered":"\n<p class=\"wp-block-paragraph\"><strong>#BocaDelR\u00edo, #Ver.-<\/strong> Con un gran ambiente deportivo y un clima inmejorable, este mi\u00e9rcoles inici\u00f3 el Mundial de Voleibol Challenge Veracruz 2025 en las playas de Boca del R\u00edo, reuniendo a 160 atletas de 32 pa\u00edses, quienes ya comenzaron a disputar la gloria internacional.<\/p>\n\n\n\n<p class=\"wp-block-paragraph\">Desde las 09:00 de la ma\u00f1ana se desarrollaron los primeros encuentros en las ramas femenil y varonil, atrayendo a decenas de aficionados veracruzanos que se dieron cita en las inmediaciones del Foro Boca para apoyar y disfrutar del espect\u00e1culo mundialista. La mayor expectativa se centr\u00f3 en el debut de los mexicanos In\u00e9s Lares y Carlos Andr\u00e9s Ayala, programado para la jornada inaugural.<\/p>\n\n\n\n<p class=\"wp-block-paragraph\">Resultados femeniles<\/p>\n\n\n\n<p class=\"wp-block-paragraph\">* Canad\u00e1 venci\u00f3 a Estados Unidos en dos sets (2-0).<\/p>\n\n\n\n<p class=\"wp-block-paragraph\">* Bielorrusia (Kielak\/Oklahoma) se impuso en tres sets a la dupla canadiense Roskic\/Cudmore.<\/p>\n\n\n\n<p class=\"wp-block-paragraph\">* La pareja estadounidense Tan\/Poppinga cay\u00f3 frente a Schonn\/Stamm.<\/p>\n\n\n\n<p class=\"wp-block-paragraph\">* Las canadienses Mirirk\/Bukovec superaron a Jap\u00f3n en dos parciales.<\/p>\n\n\n\n<p class=\"wp-block-paragraph\">* Puerto Rico (Gonz\u00e1lez\/Navas) derrot\u00f3 a Alemania (2-0).<\/p>\n\n\n\n<p class=\"wp-block-paragraph\">* En un intenso partido, B\u00e9lgica se llev\u00f3 la victoria sobre Canad\u00e1 en tres sets (2-1).<\/p>\n\n\n\n<p class=\"wp-block-paragraph\">* Australia cerr\u00f3 la jornada con triunfo sobre Dinamarca (2-0).<\/p>\n\n\n\n<p class=\"wp-block-paragraph\">Resultados varoniles<\/p>\n\n\n\n<p class=\"wp-block-paragraph\">El equipo mexicano, integrado por In\u00e9s Lares y Carlos Andr\u00e9s Ayala, debut\u00f3 con una emocionante victoria frente a la dupla suiza Breer\/Fl\u00fcckiger, imponi\u00e9ndose en tres sets ante el respaldo del p\u00fablico local que llen\u00f3 la playa a la 1 de la tarde.<\/p>\n\n\n\n<p class=\"wp-block-paragraph\">Otros resultados destacados:<\/p>\n\n\n\n<p class=\"wp-block-paragraph\">* Austria derrot\u00f3 a Polonia en dos sets (2-0).<\/p>\n\n\n\n<p class=\"wp-block-paragraph\">* En duelo fraternal entre parejas estadounidenses, Wilcox\/Primima superaron a Brewster\/Ierna por marcador de 2-0.<\/p>\n\n\n\n<p class=\"wp-block-paragraph\">Las actividades del certamen continuar\u00e1n hasta las 6 de la tarde de este mi\u00e9rcoles. La acci\u00f3n se reanudar\u00e1 el jueves a partir de las 9:00 horas, nuevamente en la zona del Foro Boca, sede que se ha convertido en un punto de encuentro para el voleibol mundial.<\/p>\n\n\n\n<p class=\"wp-block-paragraph\">Este evento forma parte de la tercera parada de la gira internacional en M\u00e9xico, tras su paso por Yucat\u00e1n y Quintana Roo a inicios de 2025.<\/p>\n\n\n\n<p class=\"wp-block-paragraph\"><strong>#ElVeracruzanoVIP <\/strong>\u2013\u00a0<strong><ins>&#8211; <\/ins><\/strong><a href=\"https:\/\/www.facebook.com\/ElVeracruzanoVIP\/\">El Veracruzano VIP<\/a><\/p>\n","protected":false},"excerpt":{"rendered":"<p>#BocaDelR\u00edo, #Ver.- Con un gran ambiente deportivo y un clima inmejorable, este mi\u00e9rcoles inici\u00f3 el Mundial de Voleibol Challenge Veracruz<\/p>\n","protected":false},"author":4,"featured_media":9169,"comment_status":"open","ping_status":"open","sticky":false,"template":"","format":"standard","meta":{"colormag_page_container_layout":"default_layout","colormag_page_sidebar_layout":"default_layout","rop_custom_images_group":[],"rop_custom_messages_group":[],"rop_publish_now":"no","rop_publish_now_accounts":{"facebook_109133384920963_108472061465099":""},"rop_publish_now_history":[{"account":"facebook_109133384920963_108472061465099","service":"facebook","timestamp":1759454632,"status":"success"}],"rop_publish_now_status":"done","footnotes":""},"categories":[11],"tags":[112,26,20,18,19,113,91,84,21,23,22],"class_list":["post-9168","post","type-post","status-publish","format-standard","has-post-thumbnail","hentry","category-municipios-destacados","tag-claudia-sheinbaum-pardo","tag-el-veracruzano-vip","tag-enterate","tag-gobierno-del-estado-de-veracruz","tag-redes-sociales","tag-rocio-nahle-garcia","tag-secretaria-de-educacion-veracruz","tag-secretaria-de-proteccion-civil-del-estado-de-veracruz","tag-ultima-hora","tag-ultimas-noticias","tag-ultimo-minuto"],"_links":{"self":[{"href":"https:\/\/elveracruzano.vip\/index.php?rest_route=\/wp\/v2\/posts\/9168","targetHints":{"allow":["GET"]}}],"collection":[{"href":"https:\/\/elveracruzano.vip\/index.php?rest_route=\/wp\/v2\/posts"}],"about":[{"href":"https:\/\/elveracruzano.vip\/index.php?rest_route=\/wp\/v2\/types\/post"}],"author":[{"embeddable":true,"href":"https:\/\/elveracruzano.vip\/index.php?rest_route=\/wp\/v2\/users\/4"}],"replies":[{"embeddable":true,"href":"https:\/\/elveracruzano.vip\/index.php?rest_route=%2Fwp%2Fv2%2Fcomments&post=9168"}],"version-history":[{"count":1,"href":"https:\/\/elveracruzano.vip\/index.php?rest_route=\/wp\/v2\/posts\/9168\/revisions"}],"predecessor-version":[{"id":9170,"href":"https:\/\/elveracruzano.vip\/index.php?rest_route=\/wp\/v2\/posts\/9168\/revisions\/9170"}],"wp:featuredmedia":[{"embeddable":true,"href":"https:\/\/elveracruzano.vip\/index.php?rest_route=\/wp\/v2\/media\/9169"}],"wp:attachment":[{"href":"https:\/\/elveracruzano.vip\/index.php?rest_route=%2Fwp%2Fv2%2Fmedia&parent=9168"}],"wp:term":[{"taxonomy":"category","embeddable":true,"href":"https:\/\/elveracruzano.vip\/index.php?rest_route=%2Fwp%2Fv2%2Fcategories&post=9168"},{"taxonomy":"post_tag","embeddable":true,"href":"https:\/\/elveracruzano.vip\/index.php?rest_route=%2Fwp%2Fv2%2Ftags&post=9168"}],"curies":[{"name":"wp","href":"https:\/\/api.w.org\/{rel}","templated":true}]}}