{"id":8811,"date":"2025-07-03T21:14:21","date_gmt":"2025-07-04T03:14:21","guid":{"rendered":"https:\/\/elveracruzano.vip\/?p=8811"},"modified":"2025-07-03T21:14:22","modified_gmt":"2025-07-04T03:14:22","slug":"comites-de-salud-definen-estrategias-contra-el-cancer-en-la-mujer-y-riesgos-perinatales-rocionahle-gobiernover","status":"publish","type":"post","link":"https:\/\/elveracruzano.vip\/?p=8811","title":{"rendered":"Comit\u00e9s de salud definen estrategias contra el c\u00e1ncer en la mujer y riesgos perinatales \/ @rocionahle @GobiernoVer >>>"},"content":{"rendered":"\n<p><strong>#GobiernoDeVeracurz.-<\/strong> A fin de prevenir y reducir la morbilidad y mortalidad materna y perinatal, el Gobierno de Veracruz llev\u00f3 a cabo la segunda reuni\u00f3n ordinaria del Comit\u00e9 Estatal de prevenci\u00f3n, estudio y seguimiento de la morbilidad y mortalidad del c\u00e1ncer en la mujer, y la primera reuni\u00f3n ordinaria del Comit\u00e9 de prevenci\u00f3n, estudio y seguimiento de la morbilidad y mortalidad materna y perinatal.<\/p>\n\n\n\n<p>A trav\u00e9s de dichas reuniones, sus integrantes, garantizan el acceso a servicios de salud oportunos y de calidad, y coadyuvan en la disminuci\u00f3n de la incidencia del c\u00e1ncer en la mujer, as\u00ed como en la protecci\u00f3n de la salud materno-infantil, mediante la planeaci\u00f3n, ejecuci\u00f3n y evaluaci\u00f3n de acciones de mejora continua, encomienda de la gobernadora Roc\u00edo Nahle Garc\u00eda.<\/p>\n\n\n\n<p>En sus intervenciones, el secretario de Salud, Valent\u00edn Herrera Alarc\u00f3n y la directora de Salud Publica de los Servicios de Salud de Veracruz, Mar\u00eda Luisa S\u00e1nchez Murrieta coincidieron en que el compromiso con esta causa es permanente y destacaron que las y los profesionales est\u00e1n listos para sumarse a las tareas que est\u00e1n por venir.<\/p>\n\n\n\n<p>En estos comit\u00e9s participan profesionales y expertos de la Secretar\u00eda de Salud, IMSS, IMSS-Bienestar, ISSSTE, Marina, Pemex, la Universidad Veracruzana, el DIF Estatal y otras instituciones que conforman una red de informaci\u00f3n y atenci\u00f3n para las veracruzanas.<\/p>\n\n\n\n<p><strong>#ElVeracruzanoVIP <\/strong>\u2013\u00a0<strong><ins>&#8211; <\/ins><\/strong><a href=\"https:\/\/www.facebook.com\/ElVeracruzanoVIP\/\">El Veracruzano VIP<\/a><\/p>\n","protected":false},"excerpt":{"rendered":"<p>#GobiernoDeVeracurz.- A fin de prevenir y reducir la morbilidad y mortalidad materna y perinatal, el Gobierno de Veracruz llev\u00f3 a<\/p>\n","protected":false},"author":4,"featured_media":8812,"comment_status":"open","ping_status":"open","sticky":false,"template":"","format":"standard","meta":{"colormag_page_container_layout":"default_layout","colormag_page_sidebar_layout":"default_layout","rop_custom_images_group":[],"rop_custom_messages_group":[],"rop_publish_now":"yes","rop_publish_now_accounts":{"facebook_109133384920963_108472061465099":""},"rop_publish_now_history":[],"rop_publish_now_status":"pending","footnotes":""},"categories":[13],"tags":[20,18,19,113,21],"class_list":["post-8811","post","type-post","status-publish","format-standard","has-post-thumbnail","hentry","category-principales","tag-enterate","tag-gobierno-del-estado-de-veracruz","tag-redes-sociales","tag-rocio-nahle-garcia","tag-ultima-hora"],"_links":{"self":[{"href":"https:\/\/elveracruzano.vip\/index.php?rest_route=\/wp\/v2\/posts\/8811","targetHints":{"allow":["GET"]}}],"collection":[{"href":"https:\/\/elveracruzano.vip\/index.php?rest_route=\/wp\/v2\/posts"}],"about":[{"href":"https:\/\/elveracruzano.vip\/index.php?rest_route=\/wp\/v2\/types\/post"}],"author":[{"embeddable":true,"href":"https:\/\/elveracruzano.vip\/index.php?rest_route=\/wp\/v2\/users\/4"}],"replies":[{"embeddable":true,"href":"https:\/\/elveracruzano.vip\/index.php?rest_route=%2Fwp%2Fv2%2Fcomments&post=8811"}],"version-history":[{"count":1,"href":"https:\/\/elveracruzano.vip\/index.php?rest_route=\/wp\/v2\/posts\/8811\/revisions"}],"predecessor-version":[{"id":8813,"href":"https:\/\/elveracruzano.vip\/index.php?rest_route=\/wp\/v2\/posts\/8811\/revisions\/8813"}],"wp:featuredmedia":[{"embeddable":true,"href":"https:\/\/elveracruzano.vip\/index.php?rest_route=\/wp\/v2\/media\/8812"}],"wp:attachment":[{"href":"https:\/\/elveracruzano.vip\/index.php?rest_route=%2Fwp%2Fv2%2Fmedia&parent=8811"}],"wp:term":[{"taxonomy":"category","embeddable":true,"href":"https:\/\/elveracruzano.vip\/index.php?rest_route=%2Fwp%2Fv2%2Fcategories&post=8811"},{"taxonomy":"post_tag","embeddable":true,"href":"https:\/\/elveracruzano.vip\/index.php?rest_route=%2Fwp%2Fv2%2Ftags&post=8811"}],"curies":[{"name":"wp","href":"https:\/\/api.w.org\/{rel}","templated":true}]}}