{"id":8733,"date":"2025-06-12T16:52:37","date_gmt":"2025-06-12T22:52:37","guid":{"rendered":"https:\/\/elveracruzano.vip\/?p=8733"},"modified":"2025-06-12T16:52:37","modified_gmt":"2025-06-12T22:52:37","slug":"programa-apoyo-a-la-palabra-arrancara-en-112-municipios-rocio-nahle-rocionahle-gobiernover","status":"publish","type":"post","link":"https:\/\/elveracruzano.vip\/?p=8733","title":{"rendered":"Programa Apoyo a la Palabra arrancar\u00e1 en 112 municipios: Roc\u00edo Nahle \/ @rocionahle @GobiernoVer >>>"},"content":{"rendered":"\n<p><strong>#GobiernoDeVeracruz.-<\/strong> La gobernadora Roc\u00edo Nahle Garc\u00eda, anunci\u00f3 que el pr\u00f3ximo 25 de junio dar\u00e1 inicio el programa Apoyo a la Palabra \u2013 Plan M\u00e9xico en 112 municipios, con \u00e9nfasis en las regiones de mayor vulnerabilidad social, donde emprendedoras y emprendedores han solicitado respaldo para fortalecer o poner en marcha sus negocios.<\/p>\n\n\n\n<p>Coordinado por la Secretar\u00eda de Desarrollo Social (Sedesol), el programa contempla una inversi\u00f3n inicial de 100 millones de pesos, y se prev\u00e9 una segunda etapa para extender su cobertura a otros 100 municipios en una fase posterior.<\/p>\n\n\n\n<p>\u201cEste es un compromiso que asumimos y representa un apoyo directo para todas y todos. Vamos a estar donde m\u00e1s se necesita\u201d, expres\u00f3 la Mandataria en un mensaje, acompa\u00f1ada por la titular de Sedesol, Margarita Santopietro Peralta, y la subsecretaria de Desarrollo Regional, Eusebia Cort\u00e9s P\u00e9rez, a quienes encomend\u00f3 dar seguimiento puntual y garantizar la correcta implementaci\u00f3n de este esfuerzo.<\/p>\n\n\n\n<p> <strong>#ElVeracruzanoVIP <\/strong>\u2013\u00a0<strong><ins>&#8211; <\/ins><\/strong><a href=\"https:\/\/www.facebook.com\/ElVeracruzanoVIP\/\">El Veracruzano VIP<\/a><\/p>\n\n\n\n<p><\/p>\n","protected":false},"excerpt":{"rendered":"<p>#GobiernoDeVeracruz.- La gobernadora Roc\u00edo Nahle Garc\u00eda, anunci\u00f3 que el pr\u00f3ximo 25 de junio dar\u00e1 inicio el programa Apoyo a la<\/p>\n","protected":false},"author":4,"featured_media":8734,"comment_status":"open","ping_status":"open","sticky":false,"template":"","format":"standard","meta":{"colormag_page_container_layout":"default_layout","colormag_page_sidebar_layout":"default_layout","rop_custom_images_group":[],"rop_custom_messages_group":[],"rop_publish_now":"yes","rop_publish_now_accounts":{"facebook_109133384920963_108472061465099":""},"rop_publish_now_history":[],"rop_publish_now_status":"pending","footnotes":""},"categories":[14],"tags":[20,18,19,113,21],"class_list":["post-8733","post","type-post","status-publish","format-standard","has-post-thumbnail","hentry","category-secretarias","tag-enterate","tag-gobierno-del-estado-de-veracruz","tag-redes-sociales","tag-rocio-nahle-garcia","tag-ultima-hora"],"_links":{"self":[{"href":"https:\/\/elveracruzano.vip\/index.php?rest_route=\/wp\/v2\/posts\/8733","targetHints":{"allow":["GET"]}}],"collection":[{"href":"https:\/\/elveracruzano.vip\/index.php?rest_route=\/wp\/v2\/posts"}],"about":[{"href":"https:\/\/elveracruzano.vip\/index.php?rest_route=\/wp\/v2\/types\/post"}],"author":[{"embeddable":true,"href":"https:\/\/elveracruzano.vip\/index.php?rest_route=\/wp\/v2\/users\/4"}],"replies":[{"embeddable":true,"href":"https:\/\/elveracruzano.vip\/index.php?rest_route=%2Fwp%2Fv2%2Fcomments&post=8733"}],"version-history":[{"count":1,"href":"https:\/\/elveracruzano.vip\/index.php?rest_route=\/wp\/v2\/posts\/8733\/revisions"}],"predecessor-version":[{"id":8735,"href":"https:\/\/elveracruzano.vip\/index.php?rest_route=\/wp\/v2\/posts\/8733\/revisions\/8735"}],"wp:featuredmedia":[{"embeddable":true,"href":"https:\/\/elveracruzano.vip\/index.php?rest_route=\/wp\/v2\/media\/8734"}],"wp:attachment":[{"href":"https:\/\/elveracruzano.vip\/index.php?rest_route=%2Fwp%2Fv2%2Fmedia&parent=8733"}],"wp:term":[{"taxonomy":"category","embeddable":true,"href":"https:\/\/elveracruzano.vip\/index.php?rest_route=%2Fwp%2Fv2%2Fcategories&post=8733"},{"taxonomy":"post_tag","embeddable":true,"href":"https:\/\/elveracruzano.vip\/index.php?rest_route=%2Fwp%2Fv2%2Ftags&post=8733"}],"curies":[{"name":"wp","href":"https:\/\/api.w.org\/{rel}","templated":true}]}}