{"id":8689,"date":"2025-04-29T20:12:07","date_gmt":"2025-04-30T02:12:07","guid":{"rendered":"https:\/\/elveracruzano.vip\/?p=8689"},"modified":"2025-04-29T20:12:09","modified_gmt":"2025-04-30T02:12:09","slug":"gobierno-de-veracruz-se-suma-al-primer-simulacro-nacional-2025-con-participacion-masiva-gobiernover","status":"publish","type":"post","link":"https:\/\/elveracruzano.vip\/?p=8689","title":{"rendered":"Gobierno de Veracruz se suma al Primer Simulacro Nacional 2025 con participaci\u00f3n masiva \/ @GobiernoVer >>>"},"content":{"rendered":"\n<p class=\"wp-block-paragraph\"><strong>#GobiernoDeVeracruz.-<\/strong> En punto de las 11:30 horas, el Gobierno de Veracruz se sum\u00f3 al Primer Simulacro Nacional 2025, con la participaci\u00f3n de casi medio mill\u00f3n de personas registradas en 4 mil 13 inmuebles as\u00ed como en los 212 municipios.<\/p>\n\n\n\n<p class=\"wp-block-paragraph\">Bajo la hip\u00f3tesis de un sismo de magnitud 8.1 con epicentro en el Golfo de Tehuantepec, se llevaron a cabo acciones de evacuaci\u00f3n, revisi\u00f3n de la integridad estructural de edificios, atenci\u00f3n m\u00e9dica ante posibles lesiones y acompa\u00f1amiento con primeros auxilios psicol\u00f3gicos, lo que permiti\u00f3 evaluar la efectividad de los planes establecidos.<\/p>\n\n\n\n<p class=\"wp-block-paragraph\">El ejercicio se desarroll\u00f3 sin incidentes en 608 instalaciones de la administraci\u00f3n p\u00fablica estatal, que durante este mes revisaron y ajustaron sus protocolos de emergencia para llevarlos a la pr\u00e1ctica.<\/p>\n\n\n\n<p class=\"wp-block-paragraph\">Como parte de esta preparaci\u00f3n, la Secretar\u00eda de Protecci\u00f3n Civil (PC) brind\u00f3 capacitaci\u00f3n y acompa\u00f1amiento a diversas instituciones mediante videocursos y conferencias virtuales, adem\u00e1s de acercar a la poblaci\u00f3n estrategias b\u00e1sicas como el Plan Familiar de Protecci\u00f3n Civil y la Mochila de Emergencia.<\/p>\n\n\n\n<p class=\"wp-block-paragraph\">El objetivo principal es concientizar y preparar a la ciudadan\u00eda para actuar de forma adecuada ante una situaci\u00f3n de emergencia real, subrayando la importancia de contar con se\u00f1al\u00e9tica clara, rutas de evacuaci\u00f3n definidas y equipos de prevenci\u00f3n en cada inmueble.<\/p>\n\n\n\n<p class=\"wp-block-paragraph\">La participaci\u00f3n activa de la poblaci\u00f3n es clave para fortalecer la cultura de la prevenci\u00f3n y reducir riesgos, no solo en esta fecha, sino a lo largo del a\u00f1o.<\/p>\n\n\n\n<p class=\"wp-block-paragraph\"><strong>#ElVeracruzanoVIP <\/strong>\u2013\u00a0<strong><ins>&#8211; <\/ins><\/strong><a href=\"https:\/\/www.facebook.com\/ElVeracruzanoVIP\/\">El Veracruzano VIP<\/a><\/p>\n","protected":false},"excerpt":{"rendered":"<p>#GobiernoDeVeracruz.- En punto de las 11:30 horas, el Gobierno de Veracruz se sum\u00f3 al Primer Simulacro Nacional 2025, con la<\/p>\n","protected":false},"author":4,"featured_media":8690,"comment_status":"open","ping_status":"open","sticky":false,"template":"","format":"standard","meta":{"colormag_page_container_layout":"default_layout","colormag_page_sidebar_layout":"default_layout","rop_custom_images_group":[],"rop_custom_messages_group":[],"rop_publish_now":"yes","rop_publish_now_accounts":{"facebook_109133384920963_108472061465099":""},"rop_publish_now_history":[],"rop_publish_now_status":"pending","footnotes":""},"categories":[14],"tags":[20,18,19,21],"class_list":["post-8689","post","type-post","status-publish","format-standard","has-post-thumbnail","hentry","category-secretarias","tag-enterate","tag-gobierno-del-estado-de-veracruz","tag-redes-sociales","tag-ultima-hora"],"_links":{"self":[{"href":"https:\/\/elveracruzano.vip\/index.php?rest_route=\/wp\/v2\/posts\/8689","targetHints":{"allow":["GET"]}}],"collection":[{"href":"https:\/\/elveracruzano.vip\/index.php?rest_route=\/wp\/v2\/posts"}],"about":[{"href":"https:\/\/elveracruzano.vip\/index.php?rest_route=\/wp\/v2\/types\/post"}],"author":[{"embeddable":true,"href":"https:\/\/elveracruzano.vip\/index.php?rest_route=\/wp\/v2\/users\/4"}],"replies":[{"embeddable":true,"href":"https:\/\/elveracruzano.vip\/index.php?rest_route=%2Fwp%2Fv2%2Fcomments&post=8689"}],"version-history":[{"count":1,"href":"https:\/\/elveracruzano.vip\/index.php?rest_route=\/wp\/v2\/posts\/8689\/revisions"}],"predecessor-version":[{"id":8691,"href":"https:\/\/elveracruzano.vip\/index.php?rest_route=\/wp\/v2\/posts\/8689\/revisions\/8691"}],"wp:featuredmedia":[{"embeddable":true,"href":"https:\/\/elveracruzano.vip\/index.php?rest_route=\/wp\/v2\/media\/8690"}],"wp:attachment":[{"href":"https:\/\/elveracruzano.vip\/index.php?rest_route=%2Fwp%2Fv2%2Fmedia&parent=8689"}],"wp:term":[{"taxonomy":"category","embeddable":true,"href":"https:\/\/elveracruzano.vip\/index.php?rest_route=%2Fwp%2Fv2%2Fcategories&post=8689"},{"taxonomy":"post_tag","embeddable":true,"href":"https:\/\/elveracruzano.vip\/index.php?rest_route=%2Fwp%2Fv2%2Ftags&post=8689"}],"curies":[{"name":"wp","href":"https:\/\/api.w.org\/{rel}","templated":true}]}}