{"id":8642,"date":"2025-04-03T20:59:27","date_gmt":"2025-04-04T02:59:27","guid":{"rendered":"https:\/\/elveracruzano.vip\/?p=8642"},"modified":"2025-04-03T20:59:28","modified_gmt":"2025-04-04T02:59:28","slug":"claudia-sheinbaum-haremos-el-mejor-mexico-posible-anuncia-18-programas-del-plan-mexico-claudiashein-gobiernomx","status":"publish","type":"post","link":"https:\/\/elveracruzano.vip\/?p=8642","title":{"rendered":"Claudia Sheinbaum: Haremos el mejor M\u00e9xico posible, anuncia 18 programas del Plan M\u00e9xico \/ @Claudiashein @GobiernoMX >>>"},"content":{"rendered":"\n<p><strong>#GobiernoDeM\u00e9xico.-<\/strong> La Presidenta Claudia Sheinbaum Pardo reiter\u00f3 su compromiso con las y los mexicanos de poner su mente y coraz\u00f3n para impulsar el desarrollo del pa\u00eds y para ello present\u00f3\u00a0<strong>18 programas y acciones del Plan M\u00e9xico<\/strong>\u00a0para fortalecer la econom\u00eda y el bienestar.<\/p>\n\n\n\n<p>\u201cA todas las mexicanas y mexicanos tengan la certeza, como lo hemos hecho hasta ahora, que har\u00e9 todo lo que est\u00e9 en mi mente, mi coraz\u00f3n y mis manos para estar a la altura del pueblo de M\u00e9xico. Tenemos valores en nuestro pa\u00eds, honestidad, autoridad moral y la convicci\u00f3n de que como M\u00e9xico no hay dos, y juntos y juntas haremos el mejor M\u00e9xico posible. Tenemos lo principal: mucho pueblo\u201d, resalt\u00f3 ante empresarias, empresarios, gobernadoras, gobernadores, representantes de los pueblos originarios de todo el pa\u00eds, senadoras, senadores, diputadas y diputados e integrantes del gabinete legal y ampliado que asistieron al evento&nbsp;<strong>Plan M\u00e9xico. Fortaleciendo la Econom\u00eda y el Bienestar<\/strong>, que se llev\u00f3 a cabo en el Museo Nacional de Antropolog\u00eda.<\/p>\n\n\n\n<p>Record\u00f3 que el Plan M\u00e9xico tiene como objetivos fortalecer el mercado interno y el salario; aumentar la soberan\u00eda alimentaria y energ\u00e9tica; incrementar la producci\u00f3n nacional disminuyendo las importaciones con pa\u00edses con los que no se tiene tratado comercial; y fortalecer los Programas para el Bienestar. Para ello present\u00f3 18 programas y acciones:<\/p>\n\n\n\n<p><strong>1. Ampliar la autosuficiencia alimentaria<\/strong>: aumentar la producci\u00f3n de ma\u00edz blanco de 21.3 millones a 25 millones de toneladas; de frijol de 730 mil a 1.2 millones de toneladas; de leche de 13 mil a 15 mil millones de litros, en particular Liconsa aumentar\u00e1 su compra a peque\u00f1os productores de 687 a mil 300 millones de litros; de arroz 221 mil 500&nbsp; a 450 mil toneladas; aumentar valor agregado de los productos del campo impulsando el comercio justo con Alimentaci\u00f3n para el Bienestar. Los programas a detalle para alcanzar estas metas se informar\u00e1n en \u201cLa ma\u00f1anera del pueblo\u201d de este viernes 4 de abril.<\/p>\n\n\n\n<p><strong>#ElVeracruzanoVIP <\/strong>\u2013\u00a0<strong><ins>&#8211; <\/ins><\/strong><a href=\"https:\/\/www.facebook.com\/ElVeracruzanoVIP\/\">El Veracruzano VIP<\/a><\/p>\n","protected":false},"excerpt":{"rendered":"<p>#GobiernoDeM\u00e9xico.- La Presidenta Claudia Sheinbaum Pardo reiter\u00f3 su compromiso con las y los mexicanos de poner su mente y coraz\u00f3n<\/p>\n","protected":false},"author":4,"featured_media":8643,"comment_status":"open","ping_status":"open","sticky":false,"template":"","format":"standard","meta":{"colormag_page_container_layout":"default_layout","colormag_page_sidebar_layout":"default_layout","rop_custom_images_group":[],"rop_custom_messages_group":[],"rop_publish_now":"yes","rop_publish_now_accounts":{"facebook_109133384920963_108472061465099":""},"rop_publish_now_history":[],"rop_publish_now_status":"pending","footnotes":""},"categories":[13],"tags":[112,20,29,19,21],"class_list":["post-8642","post","type-post","status-publish","format-standard","has-post-thumbnail","hentry","category-principales","tag-claudia-sheinbaum-pardo","tag-enterate","tag-gobierno-de-mexico","tag-redes-sociales","tag-ultima-hora"],"_links":{"self":[{"href":"https:\/\/elveracruzano.vip\/index.php?rest_route=\/wp\/v2\/posts\/8642","targetHints":{"allow":["GET"]}}],"collection":[{"href":"https:\/\/elveracruzano.vip\/index.php?rest_route=\/wp\/v2\/posts"}],"about":[{"href":"https:\/\/elveracruzano.vip\/index.php?rest_route=\/wp\/v2\/types\/post"}],"author":[{"embeddable":true,"href":"https:\/\/elveracruzano.vip\/index.php?rest_route=\/wp\/v2\/users\/4"}],"replies":[{"embeddable":true,"href":"https:\/\/elveracruzano.vip\/index.php?rest_route=%2Fwp%2Fv2%2Fcomments&post=8642"}],"version-history":[{"count":1,"href":"https:\/\/elveracruzano.vip\/index.php?rest_route=\/wp\/v2\/posts\/8642\/revisions"}],"predecessor-version":[{"id":8644,"href":"https:\/\/elveracruzano.vip\/index.php?rest_route=\/wp\/v2\/posts\/8642\/revisions\/8644"}],"wp:featuredmedia":[{"embeddable":true,"href":"https:\/\/elveracruzano.vip\/index.php?rest_route=\/wp\/v2\/media\/8643"}],"wp:attachment":[{"href":"https:\/\/elveracruzano.vip\/index.php?rest_route=%2Fwp%2Fv2%2Fmedia&parent=8642"}],"wp:term":[{"taxonomy":"category","embeddable":true,"href":"https:\/\/elveracruzano.vip\/index.php?rest_route=%2Fwp%2Fv2%2Fcategories&post=8642"},{"taxonomy":"post_tag","embeddable":true,"href":"https:\/\/elveracruzano.vip\/index.php?rest_route=%2Fwp%2Fv2%2Ftags&post=8642"}],"curies":[{"name":"wp","href":"https:\/\/api.w.org\/{rel}","templated":true}]}}