{"id":8581,"date":"2025-03-07T18:28:33","date_gmt":"2025-03-08T00:28:33","guid":{"rendered":"https:\/\/elveracruzano.vip\/?p=8581"},"modified":"2025-03-07T18:28:34","modified_gmt":"2025-03-08T00:28:34","slug":"despues-de-7-anos-instala-rocio-nahle-junta-de-gobierno-del-instituto-veracruzano-de-las-mujeres-rocionahle-gobiernover","status":"publish","type":"post","link":"https:\/\/elveracruzano.vip\/?p=8581","title":{"rendered":"Despu\u00e9s de 7 a\u00f1os, instala Roc\u00edo Nahle Junta de Gobierno del Instituto Veracruzano de las Mujeres \/ @rocionahle @GobiernoVer >>>"},"content":{"rendered":"\n<p><strong>#Veracruz, #Ver.-<\/strong> En el marco del 8M, D\u00eda Internacional de la Mujer, la gobernadora Roci\u00f3 Nahle Garc\u00eda, atendi\u00f3 una tarea pendiente desde hace siete a\u00f1os al encabezar la primera sesi\u00f3n ordinaria de la Junta de Gobierno del Instituto Veracruzano de las Mujeres (IVM) as\u00ed como la instalaci\u00f3n de los consejos Consultivo y Social para el periodo 2025-2027.<\/p>\n\n\n\n<p>Con esta acci\u00f3n, la Mandataria refrend\u00f3 el compromiso con la renovaci\u00f3n de un organismo clave en el impulso de pol\u00edticas p\u00fablicas enfocadas a la defensa de los derechos de las mujeres.<\/p>\n\n\n\n<p>Cada uno de los consejos est\u00e1 conformado por 12 integrantes, representantes de la sociedad civil con experiencia en la defensa de los derechos humanos y la igualdad de g\u00e9nero.<\/p>\n\n\n\n<p>Adem\u00e1s, son propuestas por organizaciones sociales, asociaciones civiles, instituciones acad\u00e9micas, campesinas e ind\u00edgenas, de acuerdo con la convocatoria emitida por la Secretar\u00eda de Gobierno el pasado 13 de enero.<\/p>\n\n\n\n<p>El Consejo Consultivo lo integran Martha Mendoza Parissi, Lorena Redondo Delgado, Gloria L\u00f3pez Mora, Alma Ang\u00e9lica Fuertes Jara, Claudia Vel\u00e1zquez Aguilar, Daisy Iris J\u00e1come S\u00e1nchez, Ana\u00ed Rodr\u00edguez Garc\u00eda, Sandra Ang\u00e9lica Soto Rodr\u00edguez, Metzeri Itzel \u00c1vila San Mart\u00edn, Mar\u00eda Sabina Mart\u00ednez Pinto, Mar\u00eda Veda Paxtla Valdivia y Alma Rosa \u00c1lvarez Reyes.<\/p>\n\n\n\n<p>Mientras que el Consejo Social por Mar\u00eda Teresa Moreno Torres, Eva Pacheco Montalvo, Nancy Torres Casta\u00f1eda, Karla S\u00e1nchez Mart\u00ednez, Karina Santos M\u00e9ndez, Teresita de Jes\u00fas Cortina Mendoza, Aruna Rafaela Pulido Cano, Carolina Ram\u00edrez Su\u00e1rez, Magnolia Fuentes Jim\u00e9nez, Mireya Hern\u00e1ndez Hern\u00e1ndez, Mar\u00eda Florencia Tehuintle Cuicahua y M\u00f3nica Nereida Huerta Torres.<\/p>\n\n\n\n<p><strong>#ElVeracruzanoVIP <\/strong>\u2013\u00a0<strong><ins>&#8211; <\/ins><\/strong><a href=\"https:\/\/www.facebook.com\/ElVeracruzanoVIP\/\">El Veracruzano VIP<\/a><\/p>\n","protected":false},"excerpt":{"rendered":"<p>#Veracruz, #Ver.- En el marco del 8M, D\u00eda Internacional de la Mujer, la gobernadora Roci\u00f3 Nahle Garc\u00eda, atendi\u00f3 una tarea<\/p>\n","protected":false},"author":4,"featured_media":8582,"comment_status":"open","ping_status":"open","sticky":false,"template":"","format":"standard","meta":{"colormag_page_container_layout":"default_layout","colormag_page_sidebar_layout":"default_layout","rop_custom_images_group":[],"rop_custom_messages_group":[],"rop_publish_now":"yes","rop_publish_now_accounts":{"facebook_109133384920963_108472061465099":""},"rop_publish_now_history":[],"rop_publish_now_status":"pending","footnotes":""},"categories":[13],"tags":[20,18,19,113,21],"class_list":["post-8581","post","type-post","status-publish","format-standard","has-post-thumbnail","hentry","category-principales","tag-enterate","tag-gobierno-del-estado-de-veracruz","tag-redes-sociales","tag-rocio-nahle-garcia","tag-ultima-hora"],"_links":{"self":[{"href":"https:\/\/elveracruzano.vip\/index.php?rest_route=\/wp\/v2\/posts\/8581","targetHints":{"allow":["GET"]}}],"collection":[{"href":"https:\/\/elveracruzano.vip\/index.php?rest_route=\/wp\/v2\/posts"}],"about":[{"href":"https:\/\/elveracruzano.vip\/index.php?rest_route=\/wp\/v2\/types\/post"}],"author":[{"embeddable":true,"href":"https:\/\/elveracruzano.vip\/index.php?rest_route=\/wp\/v2\/users\/4"}],"replies":[{"embeddable":true,"href":"https:\/\/elveracruzano.vip\/index.php?rest_route=%2Fwp%2Fv2%2Fcomments&post=8581"}],"version-history":[{"count":1,"href":"https:\/\/elveracruzano.vip\/index.php?rest_route=\/wp\/v2\/posts\/8581\/revisions"}],"predecessor-version":[{"id":8583,"href":"https:\/\/elveracruzano.vip\/index.php?rest_route=\/wp\/v2\/posts\/8581\/revisions\/8583"}],"wp:featuredmedia":[{"embeddable":true,"href":"https:\/\/elveracruzano.vip\/index.php?rest_route=\/wp\/v2\/media\/8582"}],"wp:attachment":[{"href":"https:\/\/elveracruzano.vip\/index.php?rest_route=%2Fwp%2Fv2%2Fmedia&parent=8581"}],"wp:term":[{"taxonomy":"category","embeddable":true,"href":"https:\/\/elveracruzano.vip\/index.php?rest_route=%2Fwp%2Fv2%2Fcategories&post=8581"},{"taxonomy":"post_tag","embeddable":true,"href":"https:\/\/elveracruzano.vip\/index.php?rest_route=%2Fwp%2Fv2%2Ftags&post=8581"}],"curies":[{"name":"wp","href":"https:\/\/api.w.org\/{rel}","templated":true}]}}