{"id":8564,"date":"2025-02-27T21:36:01","date_gmt":"2025-02-28T03:36:01","guid":{"rendered":"https:\/\/elveracruzano.vip\/?p=8564"},"modified":"2025-02-27T21:36:02","modified_gmt":"2025-02-28T03:36:02","slug":"veracruz-con-tres-hospitales-certificados-para-la-procuracion-de-organos-y-tejidos-rocionahle-gobiernover","status":"publish","type":"post","link":"https:\/\/elveracruzano.vip\/?p=8564","title":{"rendered":"Veracruz, con tres hospitales certificados para la procuraci\u00f3n de \u00f3rganos y tejidos \/ @rocionahle @GobiernoVer >>>"},"content":{"rendered":"\n<p><strong>#GobiernoDeVeracruz.-<\/strong> En el marco del D\u00eda Mundial del Trasplante de \u00d3rganos y Tejidos, el Gobierno de Veracruz promueve la donaci\u00f3n de \u00f3rganos y tejidos como un regalo de vida que transforma y salva a quienes lo necesitan.<\/p>\n\n\n\n<p>Actualmente, la entidad cuenta con tres hospitales certificados: el Centro de Alta Especialidad Dr. Rafael Lucio, as\u00ed como los hospitales de Alta Especialidad de Veracruz y Regional de Xalapa Dr. Luis F. Nach\u00f3n, solo en los primeros dos se realizan trasplantes de ri\u00f1\u00f3n y c\u00f3rnea.<\/p>\n\n\n\n<p>Tambi\u00e9n hay un Centro Estatal de Trasplantes con coordinadores de donaci\u00f3n y m\u00e9dicos especialistas, quienes, a trav\u00e9s de charlas y capacitaciones, promueven la cultura de la donaci\u00f3n en los hospitales, adem\u00e1s, son los encargados del primer contacto con los posibles donadores y sus familias.<\/p>\n\n\n\n<p>En un trabajo conjunto con el Centro Nacional de Trasplantes, impulsa y coordina los procesos desde la donaci\u00f3n hasta el trasplante, incluyendo el registro en la plataforma nacional de donantes.<\/p>\n\n\n\n<p>El director del Centro Estatal, Alfredo Oceguera Manzur, explic\u00f3 que los m\u00e1s solicitados son los de ri\u00f1\u00f3n, c\u00f3rnea, h\u00edgado y coraz\u00f3n, adem\u00e1s, destac\u00f3 que existen dos tipos de donantes: el vivo y el fallecido, este \u00faltimo, puede contribuir con hasta siete \u00f3rganos y tejidos.<\/p>\n\n\n\n<p>En lo que va de este a\u00f1o, se han realizado dos intervenciones de ri\u00f1\u00f3n provenientes de un solo donante, lo que brind\u00f3 una oportunidad de vida a dos adolescentes, mejorando su sobrevida a corto, mediano y largo plazo.<\/p>\n\n\n\n<p>Adem\u00e1s, la donaci\u00f3n de \u00f3rganos brinda solidaridad y esperanza, al tiempo que contribuye al impulso de la investigaci\u00f3n y el desarrollo de nuevas t\u00e9cnicas quir\u00fargicas y terapias innovadoras.<\/p>\n\n\n\n<p><strong>#ElVeracruzanoVIP <\/strong>\u2013\u00a0<strong><ins>&#8211; <\/ins><\/strong><a href=\"https:\/\/www.facebook.com\/ElVeracruzanoVIP\/\">El Veracruzano VIP<\/a><\/p>\n","protected":false},"excerpt":{"rendered":"<p>#GobiernoDeVeracruz.- En el marco del D\u00eda Mundial del Trasplante de \u00d3rganos y Tejidos, el Gobierno de Veracruz promueve la donaci\u00f3n<\/p>\n","protected":false},"author":4,"featured_media":8565,"comment_status":"open","ping_status":"open","sticky":false,"template":"","format":"standard","meta":{"colormag_page_container_layout":"default_layout","colormag_page_sidebar_layout":"default_layout","rop_custom_images_group":[],"rop_custom_messages_group":[],"rop_publish_now":"yes","rop_publish_now_accounts":{"facebook_109133384920963_108472061465099":""},"rop_publish_now_history":[],"rop_publish_now_status":"pending","footnotes":""},"categories":[14],"tags":[20,18,19,113,21],"class_list":["post-8564","post","type-post","status-publish","format-standard","has-post-thumbnail","hentry","category-secretarias","tag-enterate","tag-gobierno-del-estado-de-veracruz","tag-redes-sociales","tag-rocio-nahle-garcia","tag-ultima-hora"],"_links":{"self":[{"href":"https:\/\/elveracruzano.vip\/index.php?rest_route=\/wp\/v2\/posts\/8564","targetHints":{"allow":["GET"]}}],"collection":[{"href":"https:\/\/elveracruzano.vip\/index.php?rest_route=\/wp\/v2\/posts"}],"about":[{"href":"https:\/\/elveracruzano.vip\/index.php?rest_route=\/wp\/v2\/types\/post"}],"author":[{"embeddable":true,"href":"https:\/\/elveracruzano.vip\/index.php?rest_route=\/wp\/v2\/users\/4"}],"replies":[{"embeddable":true,"href":"https:\/\/elveracruzano.vip\/index.php?rest_route=%2Fwp%2Fv2%2Fcomments&post=8564"}],"version-history":[{"count":1,"href":"https:\/\/elveracruzano.vip\/index.php?rest_route=\/wp\/v2\/posts\/8564\/revisions"}],"predecessor-version":[{"id":8566,"href":"https:\/\/elveracruzano.vip\/index.php?rest_route=\/wp\/v2\/posts\/8564\/revisions\/8566"}],"wp:featuredmedia":[{"embeddable":true,"href":"https:\/\/elveracruzano.vip\/index.php?rest_route=\/wp\/v2\/media\/8565"}],"wp:attachment":[{"href":"https:\/\/elveracruzano.vip\/index.php?rest_route=%2Fwp%2Fv2%2Fmedia&parent=8564"}],"wp:term":[{"taxonomy":"category","embeddable":true,"href":"https:\/\/elveracruzano.vip\/index.php?rest_route=%2Fwp%2Fv2%2Fcategories&post=8564"},{"taxonomy":"post_tag","embeddable":true,"href":"https:\/\/elveracruzano.vip\/index.php?rest_route=%2Fwp%2Fv2%2Ftags&post=8564"}],"curies":[{"name":"wp","href":"https:\/\/api.w.org\/{rel}","templated":true}]}}