{"id":8489,"date":"2025-01-21T19:13:41","date_gmt":"2025-01-22T01:13:41","guid":{"rendered":"https:\/\/elveracruzano.vip\/?p=8489"},"modified":"2025-01-21T19:13:41","modified_gmt":"2025-01-22T01:13:41","slug":"clasifican-48-ajedrecistas-a-etapa-estatal-de-juegos-conade-gobiernover","status":"publish","type":"post","link":"https:\/\/elveracruzano.vip\/?p=8489","title":{"rendered":"Clasifican 48 ajedrecistas a etapa Estatal de Juegos CONADE \/ @GobiernoVer >>>"},"content":{"rendered":"\n<p><strong>#GobiernoDeVeracruz.- <\/strong>El Instituto Veracruzano del Deporte, da a conocer la lista de los 48 ajedrecistas que participar\u00e1n en la etapa Estatal rumbo a los Nacionales CONADE 2025, tras el Selectivo Preestatal de Ajedrez, que reuni\u00f3 a m\u00e1s de 370 participantes.<\/p>\n\n\n\n<p>Las categor\u00edas convocadas por la CONADE para este deporte son Sub 12 (nacidos en 2013 o menores), 13-16 a\u00f1os (nacidos entre 2009 y 2012) y 17-20 a\u00f1os (nacidos entre 2005 y 2008), tanto en la rama femenil como varonil.<\/p>\n\n\n\n<p>Los dos primeros lugares de cada categor\u00eda y rama representar\u00e1n a Veracruz en los Nacionales CONADE 2025, que se llevar\u00e1 a cabo en una fecha y sede a\u00fan por definir.<\/p>\n\n\n\n<p>En la Sub 12 femenil participar\u00e1n: Liah Nicole Calder\u00f3n Gordillo, Fernanda Ixchel Mellado Camacho, Ariadna Rodr\u00edguez Mu\u00f1oz, Ximena Sarahi Mendoza Gonz\u00e1lez, Vanessa Santos Ramos, Sof\u00eda Yaretzi L\u00f3pez Fr\u00edas y Dannia Romina Ruiz.<\/p>\n\n\n\n<p>Sub 12 varonil: Mat\u00edas Almeyda L\u00f3pez, Brandon Castillo Ch\u00e1vez, Iker Gamboa P\u00e9rez, Gerardo Morales Alfonso, Mateo Guti\u00e9rrez Z\u00fa\u00f1iga, Mikhail Alejos Aradillas, H\u00e9ctor Salgado Isidro y Eduardo Yoav Mart\u00ednez Hern\u00e1ndez.<\/p>\n\n\n\n<p>En la categor\u00eda 13-16 a\u00f1os femenil: Andrea Michelle Lomel\u00ed De la Cruz, Camila Danae Porras Bada, Estrella Alessandra Ram\u00edrez Ram\u00edrez, Alondra Ginez Serrano, Mia Dariana S\u00e1nchez Carre\u00f3n, Valeria Andr\u00e9s Serrano, Ana Paola Vel\u00e1zquez Mecott y Miriam Pamela Pulido Velasco.<\/p>\n\n\n\n<p>Caegor\u00eda 13-16 a\u00f1os varonil: Miguel \u00c1ngel Carrillo Fonseca, Jes\u00fas David Ramos Aparicio, Jos\u00e9 Leonel Morales P\u00e9rez, Bryan Abimael Salas Carbajal, Owen Salvador P\u00e9rez Blanco, Rafael Emiliano Cancino Garc\u00eda, Jos\u00e9 Isaac Reyes Rivera e Israel Cort\u00e9s Bonifaz.<\/p>\n\n\n\n<p><strong>#ElVeracruzanoVIP <\/strong>\u2013<strong><ins> <\/ins><\/strong><a href=\"https:\/\/www.facebook.com\/ElVeracruzanoVIP\/\">El Veracruzano VIP<\/a><\/p>\n","protected":false},"excerpt":{"rendered":"<p>#GobiernoDeVeracruz.- El Instituto Veracruzano del Deporte, da a conocer la lista de los 48 ajedrecistas que participar\u00e1n en la etapa<\/p>\n","protected":false},"author":4,"featured_media":8490,"comment_status":"open","ping_status":"open","sticky":false,"template":"","format":"standard","meta":{"colormag_page_container_layout":"default_layout","colormag_page_sidebar_layout":"default_layout","rop_custom_images_group":[],"rop_custom_messages_group":[],"rop_publish_now":"yes","rop_publish_now_accounts":{"facebook_109133384920963_108472061465099":""},"rop_publish_now_history":[],"rop_publish_now_status":"pending","footnotes":""},"categories":[14],"tags":[20,18,19,21],"class_list":["post-8489","post","type-post","status-publish","format-standard","has-post-thumbnail","hentry","category-secretarias","tag-enterate","tag-gobierno-del-estado-de-veracruz","tag-redes-sociales","tag-ultima-hora"],"_links":{"self":[{"href":"https:\/\/elveracruzano.vip\/index.php?rest_route=\/wp\/v2\/posts\/8489","targetHints":{"allow":["GET"]}}],"collection":[{"href":"https:\/\/elveracruzano.vip\/index.php?rest_route=\/wp\/v2\/posts"}],"about":[{"href":"https:\/\/elveracruzano.vip\/index.php?rest_route=\/wp\/v2\/types\/post"}],"author":[{"embeddable":true,"href":"https:\/\/elveracruzano.vip\/index.php?rest_route=\/wp\/v2\/users\/4"}],"replies":[{"embeddable":true,"href":"https:\/\/elveracruzano.vip\/index.php?rest_route=%2Fwp%2Fv2%2Fcomments&post=8489"}],"version-history":[{"count":1,"href":"https:\/\/elveracruzano.vip\/index.php?rest_route=\/wp\/v2\/posts\/8489\/revisions"}],"predecessor-version":[{"id":8491,"href":"https:\/\/elveracruzano.vip\/index.php?rest_route=\/wp\/v2\/posts\/8489\/revisions\/8491"}],"wp:featuredmedia":[{"embeddable":true,"href":"https:\/\/elveracruzano.vip\/index.php?rest_route=\/wp\/v2\/media\/8490"}],"wp:attachment":[{"href":"https:\/\/elveracruzano.vip\/index.php?rest_route=%2Fwp%2Fv2%2Fmedia&parent=8489"}],"wp:term":[{"taxonomy":"category","embeddable":true,"href":"https:\/\/elveracruzano.vip\/index.php?rest_route=%2Fwp%2Fv2%2Fcategories&post=8489"},{"taxonomy":"post_tag","embeddable":true,"href":"https:\/\/elveracruzano.vip\/index.php?rest_route=%2Fwp%2Fv2%2Ftags&post=8489"}],"curies":[{"name":"wp","href":"https:\/\/api.w.org\/{rel}","templated":true}]}}