{"id":8476,"date":"2025-01-16T19:25:49","date_gmt":"2025-01-17T01:25:49","guid":{"rendered":"https:\/\/elveracruzano.vip\/?p=8476"},"modified":"2025-01-16T19:25:50","modified_gmt":"2025-01-17T01:25:50","slug":"fortalecimiento-civico-en-orizaba-inician-actividades-del-2025-aytodeorizaba","status":"publish","type":"post","link":"https:\/\/elveracruzano.vip\/?p=8476","title":{"rendered":"Fortalecimiento C\u00edvico en Orizaba: Inician Actividades del 2025 \/ @aytodeorizaba >>>"},"content":{"rendered":"\n<p class=\"wp-block-paragraph\"><strong>#Orizaba, #Ver.-<\/strong> Esta ma\u00f1ana, como parte del programa \u00abFortalecimiento a los S\u00edmbolos Patrios\u00bb, se llevaron a cabo los primeros Honores a la Bandera del a\u00f1o 2025 en la escuela primaria Jaime Torres Bodet. Este evento, que fomenta el respeto y la uni\u00f3n en torno a los s\u00edmbolos nacionales, marc\u00f3 el inicio de una serie de actividades que buscan fortalecer la identidad y los valores c\u00edvicos de los estudiantes.<\/p>\n\n\n\n<p class=\"wp-block-paragraph\">En la misma ceremonia, se implement\u00f3 el Buz\u00f3n Escolar #42, una nueva iniciativa que busca ser un canal de comunicaci\u00f3n entre los alumnos y las autoridades escolares. Este buz\u00f3n tiene como objetivo detectar y atender situaciones de riesgo que puedan afectar el bienestar de los estudiantes, promoviendo un ambiente escolar m\u00e1s seguro y saludable para todos.<\/p>\n\n\n\n<p class=\"wp-block-paragraph\">Adicionalmente, se llevaron a cabo las Jornadas Educativas, en las que participaron diferentes departamentos del Ayuntamiento. Durante estas jornadas, se ofrecieron pl\u00e1ticas y talleres sobre temas clave como salud, seguridad, educaci\u00f3n y cuidado del medio ambiente, brindando a los estudiantes y a la comunidad escolar herramientas valiosas para su desarrollo integral y bienestar.<\/p>\n\n\n\n<p class=\"wp-block-paragraph\"><strong>#ElVeracruzanoVIP <\/strong>\u2013\u00a0<strong><ins>&#8211; <\/ins><\/strong><a href=\"https:\/\/www.facebook.com\/ElVeracruzanoVIP\/\">El Veracruzano VIP<\/a><\/p>\n","protected":false},"excerpt":{"rendered":"<p>#Orizaba, #Ver.- Esta ma\u00f1ana, como parte del programa \u00abFortalecimiento a los S\u00edmbolos Patrios\u00bb, se llevaron a cabo los primeros Honores<\/p>\n","protected":false},"author":4,"featured_media":8477,"comment_status":"open","ping_status":"open","sticky":false,"template":"","format":"standard","meta":{"colormag_page_container_layout":"default_layout","colormag_page_sidebar_layout":"default_layout","rop_custom_images_group":[],"rop_custom_messages_group":[],"rop_publish_now":"yes","rop_publish_now_accounts":{"facebook_109133384920963_108472061465099":""},"rop_publish_now_history":[],"rop_publish_now_status":"pending","footnotes":""},"categories":[11],"tags":[53,20,19,21],"class_list":["post-8476","post","type-post","status-publish","format-standard","has-post-thumbnail","hentry","category-municipios-destacados","tag-ayuntamiento-de-orizaba","tag-enterate","tag-redes-sociales","tag-ultima-hora"],"_links":{"self":[{"href":"https:\/\/elveracruzano.vip\/index.php?rest_route=\/wp\/v2\/posts\/8476","targetHints":{"allow":["GET"]}}],"collection":[{"href":"https:\/\/elveracruzano.vip\/index.php?rest_route=\/wp\/v2\/posts"}],"about":[{"href":"https:\/\/elveracruzano.vip\/index.php?rest_route=\/wp\/v2\/types\/post"}],"author":[{"embeddable":true,"href":"https:\/\/elveracruzano.vip\/index.php?rest_route=\/wp\/v2\/users\/4"}],"replies":[{"embeddable":true,"href":"https:\/\/elveracruzano.vip\/index.php?rest_route=%2Fwp%2Fv2%2Fcomments&post=8476"}],"version-history":[{"count":1,"href":"https:\/\/elveracruzano.vip\/index.php?rest_route=\/wp\/v2\/posts\/8476\/revisions"}],"predecessor-version":[{"id":8478,"href":"https:\/\/elveracruzano.vip\/index.php?rest_route=\/wp\/v2\/posts\/8476\/revisions\/8478"}],"wp:featuredmedia":[{"embeddable":true,"href":"https:\/\/elveracruzano.vip\/index.php?rest_route=\/wp\/v2\/media\/8477"}],"wp:attachment":[{"href":"https:\/\/elveracruzano.vip\/index.php?rest_route=%2Fwp%2Fv2%2Fmedia&parent=8476"}],"wp:term":[{"taxonomy":"category","embeddable":true,"href":"https:\/\/elveracruzano.vip\/index.php?rest_route=%2Fwp%2Fv2%2Fcategories&post=8476"},{"taxonomy":"post_tag","embeddable":true,"href":"https:\/\/elveracruzano.vip\/index.php?rest_route=%2Fwp%2Fv2%2Ftags&post=8476"}],"curies":[{"name":"wp","href":"https:\/\/api.w.org\/{rel}","templated":true}]}}