{"id":8311,"date":"2024-11-12T19:51:52","date_gmt":"2024-11-13T01:51:52","guid":{"rendered":"https:\/\/elveracruzano.vip\/?p=8311"},"modified":"2024-11-12T19:51:52","modified_gmt":"2024-11-13T01:51:52","slug":"plataforma-nacional-de-transparencia-no-desaparecera-presidenta-claudia-sheinbaum-claudiashein-gobiernomx","status":"publish","type":"post","link":"https:\/\/elveracruzano.vip\/?p=8311","title":{"rendered":"Plataforma Nacional de Transparencia no desaparecer\u00e1: presidenta Claudia Sheinbaum \/ @Claudiashein @GobiernoMX >>>"},"content":{"rendered":"\n<p><strong>#GobiernoDeM\u00e9xico.-<\/strong>&nbsp;La presidenta de M\u00e9xico, Claudia Sheinbaum Pardo, aclar\u00f3 que la Plataforma Nacional de Transparencia no desaparecer\u00e1 y sus funciones ser\u00e1n parte de la nueva Secretar\u00eda Anticorrupci\u00f3n y de Buen Gobierno, que derivar\u00e1 de la transformaci\u00f3n de la actual Secretar\u00eda de la Funci\u00f3n P\u00fablica (SFP), cuya titular es Raquel Buenrostro S\u00e1nchez.<\/p>\n\n\n\n<p>\u201cNo puede desaparecer, las funciones pasan a la Secretar\u00eda Anticorrupci\u00f3n y de Buen Gobierno\u201d, asegur\u00f3 en respuesta a pregunta expresa durante la conferencia matutina: \u201cLa ma\u00f1anera del pueblo\u201d.<\/p>\n\n\n\n<p>Cabe se\u00f1alar, que la pr\u00f3xima Secretar\u00eda Anticorrupci\u00f3n y de Buen Gobierno, surge con el objetivo de cumplir con la elecci\u00f3n del pueblo de M\u00e9xico de continuar con el combate a la corrupci\u00f3n impulsado por la Cuarta Transformaci\u00f3n de la Vida P\u00fablica de M\u00e9xico.<\/p>\n\n\n\n<p>Asimismo, la Presidenta de M\u00e9xico ha reiterado que la nueva secretar\u00eda ser\u00e1 mucho m\u00e1s estricta en el tema de la transparencia.<\/p>\n\n\n\n<p><strong>#ElVeracruzanoVIP <\/strong>\u2013<strong><ins> <\/ins><\/strong><a href=\"https:\/\/www.facebook.com\/ElVeracruzanoVIP\/\">El Veracruzano VIP<\/a><\/p>\n","protected":false},"excerpt":{"rendered":"<p>#GobiernoDeM\u00e9xico.-&nbsp;La presidenta de M\u00e9xico, Claudia Sheinbaum Pardo, aclar\u00f3 que la Plataforma Nacional de Transparencia no desaparecer\u00e1 y sus funciones ser\u00e1n<\/p>\n","protected":false},"author":4,"featured_media":8312,"comment_status":"open","ping_status":"open","sticky":false,"template":"","format":"standard","meta":{"colormag_page_container_layout":"default_layout","colormag_page_sidebar_layout":"default_layout","rop_custom_images_group":[],"rop_custom_messages_group":[],"rop_publish_now":"yes","rop_publish_now_accounts":{"facebook_109133384920963_108472061465099":""},"rop_publish_now_history":[],"rop_publish_now_status":"pending","footnotes":""},"categories":[13],"tags":[112,20,29,19,21],"class_list":["post-8311","post","type-post","status-publish","format-standard","has-post-thumbnail","hentry","category-principales","tag-claudia-sheinbaum-pardo","tag-enterate","tag-gobierno-de-mexico","tag-redes-sociales","tag-ultima-hora"],"_links":{"self":[{"href":"https:\/\/elveracruzano.vip\/index.php?rest_route=\/wp\/v2\/posts\/8311","targetHints":{"allow":["GET"]}}],"collection":[{"href":"https:\/\/elveracruzano.vip\/index.php?rest_route=\/wp\/v2\/posts"}],"about":[{"href":"https:\/\/elveracruzano.vip\/index.php?rest_route=\/wp\/v2\/types\/post"}],"author":[{"embeddable":true,"href":"https:\/\/elveracruzano.vip\/index.php?rest_route=\/wp\/v2\/users\/4"}],"replies":[{"embeddable":true,"href":"https:\/\/elveracruzano.vip\/index.php?rest_route=%2Fwp%2Fv2%2Fcomments&post=8311"}],"version-history":[{"count":1,"href":"https:\/\/elveracruzano.vip\/index.php?rest_route=\/wp\/v2\/posts\/8311\/revisions"}],"predecessor-version":[{"id":8313,"href":"https:\/\/elveracruzano.vip\/index.php?rest_route=\/wp\/v2\/posts\/8311\/revisions\/8313"}],"wp:featuredmedia":[{"embeddable":true,"href":"https:\/\/elveracruzano.vip\/index.php?rest_route=\/wp\/v2\/media\/8312"}],"wp:attachment":[{"href":"https:\/\/elveracruzano.vip\/index.php?rest_route=%2Fwp%2Fv2%2Fmedia&parent=8311"}],"wp:term":[{"taxonomy":"category","embeddable":true,"href":"https:\/\/elveracruzano.vip\/index.php?rest_route=%2Fwp%2Fv2%2Fcategories&post=8311"},{"taxonomy":"post_tag","embeddable":true,"href":"https:\/\/elveracruzano.vip\/index.php?rest_route=%2Fwp%2Fv2%2Ftags&post=8311"}],"curies":[{"name":"wp","href":"https:\/\/api.w.org\/{rel}","templated":true}]}}