{"id":8266,"date":"2024-10-29T19:28:06","date_gmt":"2024-10-30T01:28:06","guid":{"rendered":"https:\/\/elveracruzano.vip\/?p=8266"},"modified":"2024-10-29T19:28:06","modified_gmt":"2024-10-30T01:28:06","slug":"cordoba-aprueba-presupuesto-para-semifinal-de-ballet-youth-grand-prix-mexico-aytocordobaver","status":"publish","type":"post","link":"https:\/\/elveracruzano.vip\/?p=8266","title":{"rendered":"C\u00f3rdoba aprueba presupuesto para semifinal de ballet Youth Grand Prix M\u00e9xico \/ @AytoCordobaVer >>>"},"content":{"rendered":"\n<p class=\"wp-block-paragraph\"><strong>#C\u00f3rdoba, #Ver.-<\/strong> El Cabildo de C\u00f3rdoba, encabezado por el alcalde Juan Mart\u00ednez Flores, aprob\u00f3 en Sesi\u00f3n Extraordinaria un presupuesto de $1,365,575.00 para la realizaci\u00f3n de la semifinal del Youth Grand Prix M\u00e9xico, una competencia de ballet que reunir\u00e1 a destacados talentos de M\u00e9xico y ocho pa\u00edses m\u00e1s. El evento se celebrar\u00e1 del 30 de octubre al 2 de noviembre en el Teatro Pedro D\u00edaz y la Ex Hacienda San Francisco Toxpan.<\/p>\n\n\n\n<p class=\"wp-block-paragraph\">Durante la sesi\u00f3n tambi\u00e9n se aprobaron modificaciones presupuestales al Programa General de Inversi\u00f3n 2024 del \u201cFondo de Reserva del Fideicomiso P\u00fablico de Parqu\u00edmetros,\u201d incluyendo la cancelaci\u00f3n de una obra. El punto fue aprobado por unanimidad.<\/p>\n\n\n\n<p class=\"wp-block-paragraph\">Asimismo, se present\u00f3 y aprob\u00f3 el Programa de Inversi\u00f3n 2024 de los recursos del \u201cFondo de Subsidio Extraordinario por Situaci\u00f3n Emergente.\u201d<\/p>\n\n\n\n<p class=\"wp-block-paragraph\">Finalmente, se asign\u00f3 una partida presupuestal para el \u201c13vo. Festival Internacional de Danza 2024\u201d por un importe de $1,365,575.00 pesos con IVA incluido.<\/p>\n\n\n\n<p class=\"wp-block-paragraph\">Estuvieron presentes: el alcalde Juan Mart\u00ednez Flores, la s\u00edndica \u00fanica Vania L\u00f3pez Gonz\u00e1lez, el regidor primero Daniel V\u00e1zquez Hern\u00e1ndez, la regidora segunda Isamar Balderas Flores, la regidora tercera Georgina Andrea Aguilar S\u00e1nchez, la regidora cuarta Mar\u00eda Luisa Mart\u00ednez Ram\u00edrez, el regidor quinto Jonathan Francisco Rosas Blanco, el regidor sexto Sergio Armando de la Llave Migoni, la regidora s\u00e9ptima Olga Leticia Luz L\u00f3pez, la regidora d\u00e9cima Mar\u00eda del Carmen Aguilar Mendoza y, de manera virtual, el regidor octavo Erick Alberto Gasca Morales.<\/p>\n\n\n\n<p class=\"wp-block-paragraph\"><strong>#ElVeracruzanoVIP <\/strong>\u2013\u00a0<strong><ins>&#8211; <\/ins><\/strong><a href=\"https:\/\/www.facebook.com\/ElVeracruzanoVIP\/\">El Veracruzano VIP<\/a><\/p>\n","protected":false},"excerpt":{"rendered":"<p>#C\u00f3rdoba, #Ver.- El Cabildo de C\u00f3rdoba, encabezado por el alcalde Juan Mart\u00ednez Flores, aprob\u00f3 en Sesi\u00f3n Extraordinaria un presupuesto de<\/p>\n","protected":false},"author":4,"featured_media":8267,"comment_status":"open","ping_status":"open","sticky":false,"template":"","format":"standard","meta":{"colormag_page_container_layout":"default_layout","colormag_page_sidebar_layout":"default_layout","rop_custom_images_group":[],"rop_custom_messages_group":[],"rop_publish_now":"yes","rop_publish_now_accounts":{"facebook_109133384920963_108472061465099":""},"rop_publish_now_history":[],"rop_publish_now_status":"pending","footnotes":""},"categories":[11],"tags":[36,20,19,21],"class_list":["post-8266","post","type-post","status-publish","format-standard","has-post-thumbnail","hentry","category-municipios-destacados","tag-cordoba","tag-enterate","tag-redes-sociales","tag-ultima-hora"],"_links":{"self":[{"href":"https:\/\/elveracruzano.vip\/index.php?rest_route=\/wp\/v2\/posts\/8266","targetHints":{"allow":["GET"]}}],"collection":[{"href":"https:\/\/elveracruzano.vip\/index.php?rest_route=\/wp\/v2\/posts"}],"about":[{"href":"https:\/\/elveracruzano.vip\/index.php?rest_route=\/wp\/v2\/types\/post"}],"author":[{"embeddable":true,"href":"https:\/\/elveracruzano.vip\/index.php?rest_route=\/wp\/v2\/users\/4"}],"replies":[{"embeddable":true,"href":"https:\/\/elveracruzano.vip\/index.php?rest_route=%2Fwp%2Fv2%2Fcomments&post=8266"}],"version-history":[{"count":1,"href":"https:\/\/elveracruzano.vip\/index.php?rest_route=\/wp\/v2\/posts\/8266\/revisions"}],"predecessor-version":[{"id":8268,"href":"https:\/\/elveracruzano.vip\/index.php?rest_route=\/wp\/v2\/posts\/8266\/revisions\/8268"}],"wp:featuredmedia":[{"embeddable":true,"href":"https:\/\/elveracruzano.vip\/index.php?rest_route=\/wp\/v2\/media\/8267"}],"wp:attachment":[{"href":"https:\/\/elveracruzano.vip\/index.php?rest_route=%2Fwp%2Fv2%2Fmedia&parent=8266"}],"wp:term":[{"taxonomy":"category","embeddable":true,"href":"https:\/\/elveracruzano.vip\/index.php?rest_route=%2Fwp%2Fv2%2Fcategories&post=8266"},{"taxonomy":"post_tag","embeddable":true,"href":"https:\/\/elveracruzano.vip\/index.php?rest_route=%2Fwp%2Fv2%2Ftags&post=8266"}],"curies":[{"name":"wp","href":"https:\/\/api.w.org\/{rel}","templated":true}]}}