{"id":8240,"date":"2024-10-22T19:09:55","date_gmt":"2024-10-23T01:09:55","guid":{"rendered":"https:\/\/elveracruzano.vip\/?p=8240"},"modified":"2024-10-22T19:09:56","modified_gmt":"2024-10-23T01:09:56","slug":"presidenta-claudia-sheinbaum-presenta-programa-nacional-de-soberania-alimentaria-para-impulsar-el-campo-mexicano-claudiashein-gobiernomx","status":"publish","type":"post","link":"https:\/\/elveracruzano.vip\/?p=8240","title":{"rendered":"Presidenta Claudia Sheinbaum presenta Programa Nacional de Soberan\u00eda Alimentaria para impulsar el campo mexicano \/ @Claudiashein @GobiernoMX >>>"},"content":{"rendered":"\n<p><strong>#GobiernoDeM\u00e9xico.-<\/strong>&nbsp;La Presidenta Constitucional de los Estados Unidos Mexicanos, Claudia Sheinbaum Pardo, present\u00f3 el Programa Nacional de Soberan\u00eda Alimentaria, el cual tiene el objetivo de impulsar la producci\u00f3n en el campo mexicano, as\u00ed como acercar a las familias mexicanas la alimentaci\u00f3n sustentable y saludable a precios accesibles.<\/p>\n\n\n\n<p>\u201cEs un programa muy completo de soberan\u00eda alimentaria y de alimentaci\u00f3n sustentable y saludable para todas y todos los mexicanos; es producir lo que consumimos; por supuesto que hay mercado, eso va a seguir existiendo, pero no simplemente es apoyar a los peque\u00f1os y medianos productores, sino tambi\u00e9n tener alimentos saludables y a buenos precios para las familias mexicanas\u2019\u2019, explic\u00f3.<\/p>\n\n\n\n<p>Destac\u00f3 que se busca impulsar la autosuficiencia de alimentos como el frijol, arroz y ma\u00edz para la producci\u00f3n de estas semillas de manera certificada y con los m\u00e1s altos est\u00e1ndares de calidad.<\/p>\n\n\n\n<p>\u201c\u00bfQu\u00e9 es lo que estamos planteando? Primero, fortalecer la soberan\u00eda alimentaria y tambi\u00e9n la autosuficiencia de ciertos productos, que no es lo mismo, particularmente frijol, arroz, otras verduras y por supuesto ma\u00edz blanco, ese es un tema; para ello, pues hay que apoyar al peque\u00f1o, al mediano productor, porque el gran productor tiene sus propias condiciones y no es necesario apoyarlo, tiene sus propios mercados, muchos de ellos son de exportaci\u00f3n, y va a seguir existiendo eso. Lo que queremos es fortalecer el apoyo al peque\u00f1o y al mediano y, como bien ha se\u00f1alado el secretario de Agricultura, fortalecer las capacidades para producir semillas y fomentar la producci\u00f3n agroecol\u00f3gica.\u201d<\/p>\n\n\n\n<p>El secretario de Agricultura y Desarrollo Rural, Julio Berdegu\u00e9 Sacrist\u00e1n, inform\u00f3 que la soberan\u00eda alimentaria tiene cuatro ejes fundamentales: el bienestar, para contribuir a la erradicaci\u00f3n de la pobreza extrema; la producci\u00f3n, para incrementar la producci\u00f3n nacional de alimentos; el uso eficiente agua en el riego y la sostenibilidad para acelerar la transici\u00f3n ecol\u00f3gica de todo el sistema agroalimentario, reduciendo significativamente la deforestaci\u00f3n, el uso de plaguicidas e impulsado la pesca sostenible.<\/p>\n\n\n\n<p><strong>#ElVeracruzanoVIP <\/strong>\u2013\u00a0<strong><ins>&#8211; <\/ins><\/strong><a href=\"https:\/\/www.facebook.com\/ElVeracruzanoVIP\/\">El Veracruzano VIP<\/a><\/p>\n","protected":false},"excerpt":{"rendered":"<p>#GobiernoDeM\u00e9xico.-&nbsp;La Presidenta Constitucional de los Estados Unidos Mexicanos, Claudia Sheinbaum Pardo, present\u00f3 el Programa Nacional de Soberan\u00eda Alimentaria, el cual<\/p>\n","protected":false},"author":4,"featured_media":8242,"comment_status":"open","ping_status":"open","sticky":false,"template":"","format":"standard","meta":{"colormag_page_container_layout":"default_layout","colormag_page_sidebar_layout":"default_layout","rop_custom_images_group":[],"rop_custom_messages_group":[],"rop_publish_now":"yes","rop_publish_now_accounts":{"facebook_109133384920963_108472061465099":""},"rop_publish_now_history":[],"rop_publish_now_status":"pending","footnotes":""},"categories":[13],"tags":[112,20,29,19,21,23],"class_list":["post-8240","post","type-post","status-publish","format-standard","has-post-thumbnail","hentry","category-principales","tag-claudia-sheinbaum-pardo","tag-enterate","tag-gobierno-de-mexico","tag-redes-sociales","tag-ultima-hora","tag-ultimas-noticias"],"_links":{"self":[{"href":"https:\/\/elveracruzano.vip\/index.php?rest_route=\/wp\/v2\/posts\/8240","targetHints":{"allow":["GET"]}}],"collection":[{"href":"https:\/\/elveracruzano.vip\/index.php?rest_route=\/wp\/v2\/posts"}],"about":[{"href":"https:\/\/elveracruzano.vip\/index.php?rest_route=\/wp\/v2\/types\/post"}],"author":[{"embeddable":true,"href":"https:\/\/elveracruzano.vip\/index.php?rest_route=\/wp\/v2\/users\/4"}],"replies":[{"embeddable":true,"href":"https:\/\/elveracruzano.vip\/index.php?rest_route=%2Fwp%2Fv2%2Fcomments&post=8240"}],"version-history":[{"count":1,"href":"https:\/\/elveracruzano.vip\/index.php?rest_route=\/wp\/v2\/posts\/8240\/revisions"}],"predecessor-version":[{"id":8243,"href":"https:\/\/elveracruzano.vip\/index.php?rest_route=\/wp\/v2\/posts\/8240\/revisions\/8243"}],"wp:featuredmedia":[{"embeddable":true,"href":"https:\/\/elveracruzano.vip\/index.php?rest_route=\/wp\/v2\/media\/8242"}],"wp:attachment":[{"href":"https:\/\/elveracruzano.vip\/index.php?rest_route=%2Fwp%2Fv2%2Fmedia&parent=8240"}],"wp:term":[{"taxonomy":"category","embeddable":true,"href":"https:\/\/elveracruzano.vip\/index.php?rest_route=%2Fwp%2Fv2%2Fcategories&post=8240"},{"taxonomy":"post_tag","embeddable":true,"href":"https:\/\/elveracruzano.vip\/index.php?rest_route=%2Fwp%2Fv2%2Ftags&post=8240"}],"curies":[{"name":"wp","href":"https:\/\/api.w.org\/{rel}","templated":true}]}}