{"id":8228,"date":"2024-10-17T20:40:24","date_gmt":"2024-10-18T02:40:24","guid":{"rendered":"https:\/\/elveracruzano.vip\/?p=8228"},"modified":"2024-10-17T20:50:18","modified_gmt":"2024-10-18T02:50:18","slug":"celebraran-32-aniversario-del-aquarium-de-veracruz-con-cena-de-gala-gobiernover","status":"publish","type":"post","link":"https:\/\/elveracruzano.vip\/?p=8228","title":{"rendered":"Celebrar\u00e1n 32 aniversario del Aquarium de Veracruz con cena de gala \/ @GobiernoVer >>>"},"content":{"rendered":"\n<p><strong>#GobiernoDeVeracruz.-<\/strong> El Aquarium del Puerto de Veracruz cumple 32 a\u00f1os y para festejarlo, el Gobierno del Estado prepara un programa de actividades que destacar\u00e1 la transformaci\u00f3n del emblem\u00e1tico recinto los pr\u00f3ximos 16 y 17 de noviembre.<\/p>\n\n\n\n<p>En un acuario completamente moderno y digitalizado e interactivo, con acabados e iluminaci\u00f3n en todas sus salas, novedosas especies, la rehabilitaci\u00f3n del delfinario, el estanque principal y el lobario, cuya \u00e1rea p\u00fablica permitir\u00e1 apreciar a los lobos marinos, el procurador del Medio Ambiente, Sergio Rodr\u00edguez Cort\u00e9s, invit\u00f3 al p\u00fablico en general a&nbsp;<em>vivir la evoluci\u00f3n<\/em>&nbsp;del espacio.<\/p>\n\n\n\n<p>El s\u00e1bado 16 en el World Trade Center, tendr\u00e1 lugar una cena gala en la que empresarios donadores de recursos destinados a la remodelaci\u00f3n; agrupaciones e importantes activistas dedicados a la defensa, conservaci\u00f3n y preservaci\u00f3n de la fauna. Adem\u00e1s, ser\u00e1 develado un mural conmemorativo.<\/p>\n\n\n\n<p>Este evento ser\u00e1 amenizado musicalmente por la cantante Natalia Jim\u00e9nez \u2013exvocalista de La Quinta Estaci\u00f3n-, Paco de Mar\u00eda y su Big Band, as\u00ed como la presentaci\u00f3n de la agrupaci\u00f3n veracruzana Candela y los Negritos del Ritmo.<\/p>\n\n\n\n<p>Por otra parte, el domingo 17 de noviembre a las 13:00 horas, todas las nuevas \u00e1reas del Aquarium ser\u00e1n inauguradas oficialmente, incluyendo la parte exterior de la plaza. La apertura oficial del lugar prev\u00e9 la participaci\u00f3n de artistas sorpresas alrededor de las 20:00 horas.<\/p>\n\n\n\n<p><strong>#ElVeracruzanoVIP <\/strong>\u2013<strong><ins> <\/ins><\/strong><a href=\"https:\/\/www.facebook.com\/ElVeracruzanoVIP\/\">El Veracruzano VIP<\/a><\/p>\n","protected":false},"excerpt":{"rendered":"<p>#GobiernoDeVeracruz.- El Aquarium del Puerto de Veracruz cumple 32 a\u00f1os y para festejarlo, el Gobierno del Estado prepara un programa<\/p>\n","protected":false},"author":4,"featured_media":8229,"comment_status":"open","ping_status":"open","sticky":false,"template":"","format":"standard","meta":{"colormag_page_container_layout":"default_layout","colormag_page_sidebar_layout":"default_layout","rop_custom_images_group":[],"rop_custom_messages_group":[],"rop_publish_now":"yes","rop_publish_now_accounts":{"facebook_109133384920963_108472061465099":""},"rop_publish_now_history":[],"rop_publish_now_status":"pending","footnotes":""},"categories":[13],"tags":[20,18,19,21],"class_list":["post-8228","post","type-post","status-publish","format-standard","has-post-thumbnail","hentry","category-principales","tag-enterate","tag-gobierno-del-estado-de-veracruz","tag-redes-sociales","tag-ultima-hora"],"_links":{"self":[{"href":"https:\/\/elveracruzano.vip\/index.php?rest_route=\/wp\/v2\/posts\/8228","targetHints":{"allow":["GET"]}}],"collection":[{"href":"https:\/\/elveracruzano.vip\/index.php?rest_route=\/wp\/v2\/posts"}],"about":[{"href":"https:\/\/elveracruzano.vip\/index.php?rest_route=\/wp\/v2\/types\/post"}],"author":[{"embeddable":true,"href":"https:\/\/elveracruzano.vip\/index.php?rest_route=\/wp\/v2\/users\/4"}],"replies":[{"embeddable":true,"href":"https:\/\/elveracruzano.vip\/index.php?rest_route=%2Fwp%2Fv2%2Fcomments&post=8228"}],"version-history":[{"count":1,"href":"https:\/\/elveracruzano.vip\/index.php?rest_route=\/wp\/v2\/posts\/8228\/revisions"}],"predecessor-version":[{"id":8230,"href":"https:\/\/elveracruzano.vip\/index.php?rest_route=\/wp\/v2\/posts\/8228\/revisions\/8230"}],"wp:featuredmedia":[{"embeddable":true,"href":"https:\/\/elveracruzano.vip\/index.php?rest_route=\/wp\/v2\/media\/8229"}],"wp:attachment":[{"href":"https:\/\/elveracruzano.vip\/index.php?rest_route=%2Fwp%2Fv2%2Fmedia&parent=8228"}],"wp:term":[{"taxonomy":"category","embeddable":true,"href":"https:\/\/elveracruzano.vip\/index.php?rest_route=%2Fwp%2Fv2%2Fcategories&post=8228"},{"taxonomy":"post_tag","embeddable":true,"href":"https:\/\/elveracruzano.vip\/index.php?rest_route=%2Fwp%2Fv2%2Ftags&post=8228"}],"curies":[{"name":"wp","href":"https:\/\/api.w.org\/{rel}","templated":true}]}}