{"id":8168,"date":"2024-09-26T19:26:01","date_gmt":"2024-09-27T01:26:01","guid":{"rendered":"https:\/\/elveracruzano.vip\/?p=8168"},"modified":"2024-09-26T19:26:02","modified_gmt":"2024-09-27T01:26:02","slug":"con-voluntad-y-apoyos-directos-veracruz-eleva-la-calidad-y-produccion-ganadera-gobiernover","status":"publish","type":"post","link":"https:\/\/elveracruzano.vip\/?p=8168","title":{"rendered":"Con voluntad y apoyos directos, Veracruz eleva la calidad y producci\u00f3n ganadera \/ @GobiernoVer >>>"},"content":{"rendered":"\n<p><strong>#GobiernoDeVeracruz.-<\/strong> Al peque\u00f1o productor que emprende e invierte, el Gobierno debe corresponder mediante apoyos directos y acompa\u00f1ar su crecimiento, \u201cas\u00ed hemos sacado adelante la ganader\u00eda en Veracruz\u201d, expres\u00f3 el gobernador Cuitl\u00e1huac Garc\u00eda Jim\u00e9nez en el tianguis n\u00famero 129 del sexenio y tercero en esta cabecera municipal.<\/p>\n\n\n\n<p>Reunidas las asociaciones ganaderas que comprenden 47 localidades de 18 municipios de la Cuenca, Los Tuxtlas y la regi\u00f3n Olmeca, el mandatario encabez\u00f3 la entrega de insumos y 80 sementales de alto valor gen\u00e9tico en razas como sardo negro, sardo negro mocho, Brahman, Guzerat y Suiz-bu, donde la aportaci\u00f3n estatal es de 30 mil pesos por ejemplar.<\/p>\n\n\n\n<p>\u201cCon esa estrategia elevamos la producci\u00f3n, superando incluso los embates del clima\u201d, afirm\u00f3 a la par de agradecer la suma de voluntades de los ayuntamientos que han albergado cada uno de los eventos y enfatizar que el esquema va dirigido a los que menos tienen, en cualquier actividad pecuaria a la que est\u00e9n dedicados, por ejemplo la apicultura.<\/p>\n\n\n\n<p>En este sentido, record\u00f3 que el mayor compromiso del presidente Andr\u00e9s Manuel L\u00f3pez Obrador fue con la gente del campo y as\u00ed cre\u00f3 Sembrando Vida, Precios de Garant\u00eda y otros programas que redujeron sustancialmente la pobreza, mientras creci\u00f3 la econom\u00eda y la autosuficiencia alimentaria.<\/p>\n\n\n\n<p>Tambi\u00e9n reconoci\u00f3 el respaldo que dan las Fuerzas Armadas a la Polic\u00eda Estatal en el combate al abigeato, sobre todo en la zona sur, y que esta coordinaci\u00f3n ha permitido mantener el orden, disminuir la incidencia de robos y recuperar la tranquilidad de las familias.<\/p>\n\n\n\n<p>En esta ocasi\u00f3n, la Secretar\u00eda de Desarrollo Agropecuario, Rural y Pesca otorg\u00f3 605 rollos de alambre de p\u00faas, 28 remolques ganaderos y ocho forrajeros, una revolvedora de alimentos de una tonelada y seis bebederos, adem\u00e1s de aspersoras, motobombas solares, cisternas y poliductos, con una inversi\u00f3n de 11 millones 578 mil pesos dividida en Gobierno y productores.<\/p>\n\n\n\n<p><strong>#ElVeracruzanoVIP <\/strong>\u2013\u00a0<strong><ins>&#8211; <\/ins><\/strong><a href=\"https:\/\/www.facebook.com\/ElVeracruzanoVIP\/\">El Veracruzano VIP<\/a><\/p>\n","protected":false},"excerpt":{"rendered":"<p>#GobiernoDeVeracruz.- Al peque\u00f1o productor que emprende e invierte, el Gobierno debe corresponder mediante apoyos directos y acompa\u00f1ar su crecimiento, \u201cas\u00ed<\/p>\n","protected":false},"author":4,"featured_media":8169,"comment_status":"open","ping_status":"open","sticky":false,"template":"","format":"standard","meta":{"colormag_page_container_layout":"default_layout","colormag_page_sidebar_layout":"default_layout","rop_custom_images_group":[],"rop_custom_messages_group":[],"rop_publish_now":"yes","rop_publish_now_accounts":{"facebook_109133384920963_108472061465099":""},"rop_publish_now_history":[],"rop_publish_now_status":"pending","footnotes":""},"categories":[13],"tags":[20,18,19,21],"class_list":["post-8168","post","type-post","status-publish","format-standard","has-post-thumbnail","hentry","category-principales","tag-enterate","tag-gobierno-del-estado-de-veracruz","tag-redes-sociales","tag-ultima-hora"],"_links":{"self":[{"href":"https:\/\/elveracruzano.vip\/index.php?rest_route=\/wp\/v2\/posts\/8168","targetHints":{"allow":["GET"]}}],"collection":[{"href":"https:\/\/elveracruzano.vip\/index.php?rest_route=\/wp\/v2\/posts"}],"about":[{"href":"https:\/\/elveracruzano.vip\/index.php?rest_route=\/wp\/v2\/types\/post"}],"author":[{"embeddable":true,"href":"https:\/\/elveracruzano.vip\/index.php?rest_route=\/wp\/v2\/users\/4"}],"replies":[{"embeddable":true,"href":"https:\/\/elveracruzano.vip\/index.php?rest_route=%2Fwp%2Fv2%2Fcomments&post=8168"}],"version-history":[{"count":1,"href":"https:\/\/elveracruzano.vip\/index.php?rest_route=\/wp\/v2\/posts\/8168\/revisions"}],"predecessor-version":[{"id":8170,"href":"https:\/\/elveracruzano.vip\/index.php?rest_route=\/wp\/v2\/posts\/8168\/revisions\/8170"}],"wp:featuredmedia":[{"embeddable":true,"href":"https:\/\/elveracruzano.vip\/index.php?rest_route=\/wp\/v2\/media\/8169"}],"wp:attachment":[{"href":"https:\/\/elveracruzano.vip\/index.php?rest_route=%2Fwp%2Fv2%2Fmedia&parent=8168"}],"wp:term":[{"taxonomy":"category","embeddable":true,"href":"https:\/\/elveracruzano.vip\/index.php?rest_route=%2Fwp%2Fv2%2Fcategories&post=8168"},{"taxonomy":"post_tag","embeddable":true,"href":"https:\/\/elveracruzano.vip\/index.php?rest_route=%2Fwp%2Fv2%2Ftags&post=8168"}],"curies":[{"name":"wp","href":"https:\/\/api.w.org\/{rel}","templated":true}]}}