{"id":816,"date":"2022-01-26T11:42:49","date_gmt":"2022-01-26T17:42:49","guid":{"rendered":"http:\/\/elveracruzano.vip\/?p=816"},"modified":"2022-01-26T11:43:20","modified_gmt":"2022-01-26T17:43:20","slug":"proyeccion-y-panel-de-discusion-del-documental-las-sobrevivientes-olvidadas-de-la-justicia","status":"publish","type":"post","link":"https:\/\/elveracruzano.vip\/?p=816","title":{"rendered":"Proyecci\u00f3n y panel de discusi\u00f3n del Documental \u00abLas Sobrevivientes: Olvidadas de la justicia\u00bb"},"content":{"rendered":"\n<p><strong>#Eventos<\/strong>.- Al d\u00eda 595 mujeres denuncian ataques violentos, pero menos del 0.05% son juzgados por tentativa de feminicidio. El resto se acreditan como lesiones o violencia familiar dejando a las v\u00edctimas en indefensi\u00f3n.<\/p>\n\n\n\n<p>Revista Circulante, Sobrevivientes De Feminicidio y Cinema Nahual Nos invitan este viernes 4 de febrero a las 7:30pm a la proyecci\u00f3n del documental \u201c#LasSobrevivientes, olvidadas por la justicia\u201d de la directora @GloriaPi\u00f1a.El panel de discusi\u00f3n contara con las expertas @WiccanForence y cineastas para comentar despu\u00e9s de la proyecci\u00f3n.<\/p>\n\n\n\n<p>La investigaci\u00f3n realizada con el apoyo de Connectas y el Icfj Knight Fellowships ha sido publicada en EMEEQUIS, La-Lista, Animal Pol\u00edtico, Revista Proceso y Ruido en la Red Puedes consultar la Investigaci\u00f3n completa:&nbsp;<\/p>\n\n\n\n<p><a href=\"https:\/\/www.connectas.org\/especiales\/las-sobrevivientes\/\">https:\/\/www.connectas.org\/especiales\/las-sobrevivientes\/<\/a><\/p>\n\n\n\n<p>CUPO LIMITADO<\/p>\n\n\n\n<p>-Reserva tu lugar-&nbsp;https:\/\/www.circulante.com.mx\/registro-a-eventos\/<\/p>\n\n\n\n<p><br>O sintoniza las redes de @RevistaCirculante para disfrutar la transmisi\u00f3n en vivo.<\/p>\n\n\n\n<p><strong>#ElVeracruzanoVip<\/strong><\/p>\n","protected":false},"excerpt":{"rendered":"<p>#Eventos.- Al d\u00eda 595 mujeres denuncian ataques violentos, pero menos del 0.05% son juzgados por tentativa de feminicidio. El resto<\/p>\n","protected":false},"author":4,"featured_media":0,"comment_status":"open","ping_status":"open","sticky":false,"template":"","format":"standard","meta":{"colormag_page_container_layout":"default_layout","colormag_page_sidebar_layout":"default_layout","rop_custom_images_group":[],"rop_custom_messages_group":[],"rop_publish_now":"initial","rop_publish_now_accounts":{"facebook_109133384920963_108472061465099":""},"rop_publish_now_history":[],"rop_publish_now_status":"pending","footnotes":""},"categories":[9],"tags":[26,20,18,19,21,23,22],"class_list":["post-816","post","type-post","status-publish","format-standard","hentry","category-eventos-especiales","tag-el-veracruzano-vip","tag-enterate","tag-gobierno-del-estado-de-veracruz","tag-redes-sociales","tag-ultima-hora","tag-ultimas-noticias","tag-ultimo-minuto"],"_links":{"self":[{"href":"https:\/\/elveracruzano.vip\/index.php?rest_route=\/wp\/v2\/posts\/816","targetHints":{"allow":["GET"]}}],"collection":[{"href":"https:\/\/elveracruzano.vip\/index.php?rest_route=\/wp\/v2\/posts"}],"about":[{"href":"https:\/\/elveracruzano.vip\/index.php?rest_route=\/wp\/v2\/types\/post"}],"author":[{"embeddable":true,"href":"https:\/\/elveracruzano.vip\/index.php?rest_route=\/wp\/v2\/users\/4"}],"replies":[{"embeddable":true,"href":"https:\/\/elveracruzano.vip\/index.php?rest_route=%2Fwp%2Fv2%2Fcomments&post=816"}],"version-history":[{"count":1,"href":"https:\/\/elveracruzano.vip\/index.php?rest_route=\/wp\/v2\/posts\/816\/revisions"}],"predecessor-version":[{"id":819,"href":"https:\/\/elveracruzano.vip\/index.php?rest_route=\/wp\/v2\/posts\/816\/revisions\/819"}],"wp:attachment":[{"href":"https:\/\/elveracruzano.vip\/index.php?rest_route=%2Fwp%2Fv2%2Fmedia&parent=816"}],"wp:term":[{"taxonomy":"category","embeddable":true,"href":"https:\/\/elveracruzano.vip\/index.php?rest_route=%2Fwp%2Fv2%2Fcategories&post=816"},{"taxonomy":"post_tag","embeddable":true,"href":"https:\/\/elveracruzano.vip\/index.php?rest_route=%2Fwp%2Fv2%2Ftags&post=816"}],"curies":[{"name":"wp","href":"https:\/\/api.w.org\/{rel}","templated":true}]}}