{"id":8151,"date":"2024-09-19T21:02:17","date_gmt":"2024-09-20T03:02:17","guid":{"rendered":"https:\/\/elveracruzano.vip\/?p=8151"},"modified":"2024-09-19T21:02:18","modified_gmt":"2024-09-20T03:02:18","slug":"aumenta-percepcion-de-seguridad-8-1-gracias-a-estrategia-cero-impunidad-gobiernover","status":"publish","type":"post","link":"https:\/\/elveracruzano.vip\/?p=8151","title":{"rendered":"Aumenta percepci\u00f3n de seguridad 8.1%, gracias a estrategia Cero Impunidad \/ @GobiernoVer >>>"},"content":{"rendered":"\n<p><strong>#GobiernoDeVeracruz.-<\/strong> De abril a septiembre, la Polic\u00eda Estatal detuvo a 22 presuntos responsables de homicidios en la zona sur de Veracruz, bajo la estrategia Cero Impunidad impulsada por la Cuarta Transformaci\u00f3n para combatir la delincuencia de manera efectiva y lograr que la justicia prevalezca.<\/p>\n\n\n\n<p>Acciones como \u00e9stas han incidido en el aumento del 8.3 por ciento en la percepci\u00f3n de seguridad de 2018 a 2023 que acredita la Encuesta Nacional de Victimizaci\u00f3n y Percepci\u00f3n sobre Seguridad P\u00fablica; mientras en Coatzacoalcos subi\u00f3 un 15% seg\u00fan la Encuesta Nacional de Seguridad P\u00fablica Urbana.<\/p>\n\n\n\n<p>Aunado a ello, la percepci\u00f3n en materia de corrupci\u00f3n baj\u00f3 13.5 e hist\u00f3ricamente la confianza de la ciudadan\u00eda en las instituciones gan\u00f3 cerca de 48 puntos porcentuales, al pasar de 15.8 en 2017 a 63.6 en 2024.<\/p>\n\n\n\n<p>Sobre las aprehensiones, el gobernador Cuitl\u00e1huac Garc\u00eda Jim\u00e9nez destac\u00f3 las de Josu\u00e9 Emanuel y Julio C\u00e9sar N, alias \u201cEl pollo\u201d, presuntos responsables del homicidio de Roberto Carlos Ram\u00f3n Soto y Jos\u00e9 Alberto Pacheco Olivera, ocurrido el pasado jueves en Coatzacoalcos.<\/p>\n\n\n\n<p>Asimismo, Luis Alfredo N el 19 de julio, acusado del brutal feminicidio de Noriko Dallana Quezada Ruiz, pasante de enfermer\u00eda que fue atacada a balazos al ingresar a su guardia en el Hospital General de Zona 36 del IMSS.<\/p>\n\n\n\n<p>Tambi\u00e9n Alejo, Maribel, Sergio y V\u00edctor Manuel, investigados por el homicidio de Felipe Acua Mir\u00f3s, Bertha Jara Cruz, Claudia e Iv\u00e1n Acua Jara, el 10 y 17 de abril, adem\u00e1s de William N, alias \u201cEl Chupas\u201d, por su presunta participaci\u00f3n en el homicidio de Juan Carlos Guzm\u00e1n Prieto, apodado \u201cEl Chaparro\u201d, y Luis Javier Rom\u00e1n Prieto en la ciudad de Veracruz.<\/p>\n\n\n\n<p> <strong>#ElVeracruzanoVIP <\/strong>\u2013<strong><ins> <\/ins><\/strong><a href=\"https:\/\/www.facebook.com\/ElVeracruzanoVIP\/\">El Veracruzano VIP<\/a><\/p>\n","protected":false},"excerpt":{"rendered":"<p>#GobiernoDeVeracruz.- De abril a septiembre, la Polic\u00eda Estatal detuvo a 22 presuntos responsables de homicidios en la zona sur de<\/p>\n","protected":false},"author":4,"featured_media":8152,"comment_status":"open","ping_status":"open","sticky":false,"template":"","format":"standard","meta":{"colormag_page_container_layout":"default_layout","colormag_page_sidebar_layout":"default_layout","rop_custom_images_group":[],"rop_custom_messages_group":[],"rop_publish_now":"yes","rop_publish_now_accounts":{"facebook_109133384920963_108472061465099":""},"rop_publish_now_history":[],"rop_publish_now_status":"pending","footnotes":""},"categories":[14],"tags":[20,18,19,23],"class_list":["post-8151","post","type-post","status-publish","format-standard","has-post-thumbnail","hentry","category-secretarias","tag-enterate","tag-gobierno-del-estado-de-veracruz","tag-redes-sociales","tag-ultimas-noticias"],"_links":{"self":[{"href":"https:\/\/elveracruzano.vip\/index.php?rest_route=\/wp\/v2\/posts\/8151","targetHints":{"allow":["GET"]}}],"collection":[{"href":"https:\/\/elveracruzano.vip\/index.php?rest_route=\/wp\/v2\/posts"}],"about":[{"href":"https:\/\/elveracruzano.vip\/index.php?rest_route=\/wp\/v2\/types\/post"}],"author":[{"embeddable":true,"href":"https:\/\/elveracruzano.vip\/index.php?rest_route=\/wp\/v2\/users\/4"}],"replies":[{"embeddable":true,"href":"https:\/\/elveracruzano.vip\/index.php?rest_route=%2Fwp%2Fv2%2Fcomments&post=8151"}],"version-history":[{"count":1,"href":"https:\/\/elveracruzano.vip\/index.php?rest_route=\/wp\/v2\/posts\/8151\/revisions"}],"predecessor-version":[{"id":8153,"href":"https:\/\/elveracruzano.vip\/index.php?rest_route=\/wp\/v2\/posts\/8151\/revisions\/8153"}],"wp:featuredmedia":[{"embeddable":true,"href":"https:\/\/elveracruzano.vip\/index.php?rest_route=\/wp\/v2\/media\/8152"}],"wp:attachment":[{"href":"https:\/\/elveracruzano.vip\/index.php?rest_route=%2Fwp%2Fv2%2Fmedia&parent=8151"}],"wp:term":[{"taxonomy":"category","embeddable":true,"href":"https:\/\/elveracruzano.vip\/index.php?rest_route=%2Fwp%2Fv2%2Fcategories&post=8151"},{"taxonomy":"post_tag","embeddable":true,"href":"https:\/\/elveracruzano.vip\/index.php?rest_route=%2Fwp%2Fv2%2Ftags&post=8151"}],"curies":[{"name":"wp","href":"https:\/\/api.w.org\/{rel}","templated":true}]}}