{"id":8142,"date":"2024-09-17T20:17:15","date_gmt":"2024-09-18T02:17:15","guid":{"rendered":"https:\/\/elveracruzano.vip\/?p=8142"},"modified":"2024-09-17T20:17:17","modified_gmt":"2024-09-18T02:17:17","slug":"servicios-medicos-gratuitos-en-beneficio-de-la-poblacion-de-ixmatlahuacan-gobiernover","status":"publish","type":"post","link":"https:\/\/elveracruzano.vip\/?p=8142","title":{"rendered":"Servicios m\u00e9dicos gratuitos en beneficio de la poblaci\u00f3n de Ixmatlahuacan \/ @GobiernoVer >>>"},"content":{"rendered":"\n<p><strong>#GobiernoDeVeracruz.-<\/strong> En el marco del D\u00eda Mundial del Coraz\u00f3n, otorgamos servicios m\u00e9dicos gratuitos en los m\u00f3dulos para la detecci\u00f3n de glucosa, tensi\u00f3n arterial, sobrepeso y obesidad, ant\u00edgeno prost\u00e1tico y perfil de l\u00edpidos, atenci\u00f3n del adulto mayor, fomento de estilos de vida saludables y salud bucal, entre otros, en beneficio de la poblaci\u00f3n del municipio de Ixmatlahuacan.<\/p>\n\n\n\n<p><strong>#ElVeracruzanoVIP <\/strong>\u2013<strong><ins> <\/ins><\/strong><a href=\"https:\/\/www.facebook.com\/ElVeracruzanoVIP\/\">El Veracruzano VIP<\/a><\/p>\n","protected":false},"excerpt":{"rendered":"<p>#GobiernoDeVeracruz.- En el marco del D\u00eda Mundial del Coraz\u00f3n, otorgamos servicios m\u00e9dicos gratuitos en los m\u00f3dulos para la detecci\u00f3n de<\/p>\n","protected":false},"author":4,"featured_media":8143,"comment_status":"open","ping_status":"open","sticky":false,"template":"","format":"standard","meta":{"colormag_page_container_layout":"default_layout","colormag_page_sidebar_layout":"default_layout","rop_custom_images_group":[],"rop_custom_messages_group":[],"rop_publish_now":"yes","rop_publish_now_accounts":{"facebook_109133384920963_108472061465099":""},"rop_publish_now_history":[],"rop_publish_now_status":"pending","footnotes":""},"categories":[14],"tags":[20,18,19,21],"class_list":["post-8142","post","type-post","status-publish","format-standard","has-post-thumbnail","hentry","category-secretarias","tag-enterate","tag-gobierno-del-estado-de-veracruz","tag-redes-sociales","tag-ultima-hora"],"_links":{"self":[{"href":"https:\/\/elveracruzano.vip\/index.php?rest_route=\/wp\/v2\/posts\/8142","targetHints":{"allow":["GET"]}}],"collection":[{"href":"https:\/\/elveracruzano.vip\/index.php?rest_route=\/wp\/v2\/posts"}],"about":[{"href":"https:\/\/elveracruzano.vip\/index.php?rest_route=\/wp\/v2\/types\/post"}],"author":[{"embeddable":true,"href":"https:\/\/elveracruzano.vip\/index.php?rest_route=\/wp\/v2\/users\/4"}],"replies":[{"embeddable":true,"href":"https:\/\/elveracruzano.vip\/index.php?rest_route=%2Fwp%2Fv2%2Fcomments&post=8142"}],"version-history":[{"count":1,"href":"https:\/\/elveracruzano.vip\/index.php?rest_route=\/wp\/v2\/posts\/8142\/revisions"}],"predecessor-version":[{"id":8144,"href":"https:\/\/elveracruzano.vip\/index.php?rest_route=\/wp\/v2\/posts\/8142\/revisions\/8144"}],"wp:featuredmedia":[{"embeddable":true,"href":"https:\/\/elveracruzano.vip\/index.php?rest_route=\/wp\/v2\/media\/8143"}],"wp:attachment":[{"href":"https:\/\/elveracruzano.vip\/index.php?rest_route=%2Fwp%2Fv2%2Fmedia&parent=8142"}],"wp:term":[{"taxonomy":"category","embeddable":true,"href":"https:\/\/elveracruzano.vip\/index.php?rest_route=%2Fwp%2Fv2%2Fcategories&post=8142"},{"taxonomy":"post_tag","embeddable":true,"href":"https:\/\/elveracruzano.vip\/index.php?rest_route=%2Fwp%2Fv2%2Ftags&post=8142"}],"curies":[{"name":"wp","href":"https:\/\/api.w.org\/{rel}","templated":true}]}}