{"id":8132,"date":"2024-09-12T19:25:14","date_gmt":"2024-09-13T01:25:14","guid":{"rendered":"https:\/\/elveracruzano.vip\/?p=8132"},"modified":"2024-09-12T19:25:16","modified_gmt":"2024-09-13T01:25:16","slug":"en-coatzacoalcos-inauguran-remodelacion-del-paseo-ribereno-y-celebran-30-anos-de-asipona-cruzmalpica-coatzagob","status":"publish","type":"post","link":"https:\/\/elveracruzano.vip\/?p=8132","title":{"rendered":"En Coatzacoalcos, inauguran remodelaci\u00f3n del Paseo Ribere\u00f1o y celebran 30 a\u00f1os de ASIPONA \/ @CruzMalpica @coatzagob >>>"},"content":{"rendered":"\n<p><strong>#Coatzacoalcos, #Ver.- <\/strong>Este jueves, el presidente municipal de Coatzacoalcos, Amado Cruz Malpica, y el director general de la Administraci\u00f3n del Sistema Portuario Nacional de Coatzacoalcos (ASIPONA), el vicealmirante Benito Armando Galeana Abarca, inauguraron la obra de remodelaci\u00f3n del Paseo Ribere\u00f1o, conocido como el Malec\u00f3n Antiguo, brindando una nueva imagen a este emblem\u00e1tico espacio de la ciudad.<\/p>\n\n\n\n<p>Durante la ceremonia, las autoridades municipales develaron una placa conmemorativa por el 30 aniversario de ASIPONA. La placa, colocada en el remodelado Paseo Ribere\u00f1o, incluye elementos representativos de Coatzacoalcos. La renovaci\u00f3n del espacio comprende la instalaci\u00f3n de mesas y sillas de concreto, banquetas con terminados de piedra y \u00e1reas para que las familias disfruten la vista de la llegada y salida de los barcos o tomen un merecido descanso junto al r\u00edo.<\/p>\n\n\n\n<p>El presidente Amado Cruz Malpica destac\u00f3 la importancia del puerto para la ciudad y la relaci\u00f3n simbi\u00f3tica que existe entre ambos: \u201cEl puerto vive en el seno de Coatzacoalcos y Coatzacoalcos se honra y se distingue por un puerto de altura que es referente mundial. Estamos muy contentos por esta colaboraci\u00f3n con ASIPONA. Ellos est\u00e1n tomando acciones de regulaci\u00f3n para el pilotaje de lanchas y, hasta donde entiendo, en ning\u00fan otro puerto del pa\u00eds se han habilitado puntos de anclaje para mejorar el orden en la navegaci\u00f3n\u201d, expres\u00f3 el edil.<\/p>\n\n\n\n<p>Por su parte, el vicealmirante Galeana Abarca explic\u00f3 que la obra de remodelaci\u00f3n tambi\u00e9n incluye la creaci\u00f3n de un \u00e1rea de lanchaje, una explanada con un kiosco que funcionar\u00e1 como restaurante al servicio de la ciudadan\u00eda. Adem\u00e1s, se instalaron binoculares de larga distancia. Este nuevo espacio se encuentra junto al \u00e1rea del transbordador.<\/p>\n\n\n\n<p><strong>#ElVeracruzanoVIP <\/strong>\u2013\u00a0<strong><ins>&#8211; <\/ins><\/strong><a href=\"https:\/\/www.facebook.com\/ElVeracruzanoVIP\/\">El Veracruzano VIP<\/a><\/p>\n","protected":false},"excerpt":{"rendered":"<p>#Coatzacoalcos, #Ver.- Este jueves, el presidente municipal de Coatzacoalcos, Amado Cruz Malpica, y el director general de la Administraci\u00f3n del<\/p>\n","protected":false},"author":4,"featured_media":8133,"comment_status":"open","ping_status":"open","sticky":false,"template":"","format":"standard","meta":{"colormag_page_container_layout":"default_layout","colormag_page_sidebar_layout":"default_layout","rop_custom_images_group":[],"rop_custom_messages_group":[],"rop_publish_now":"yes","rop_publish_now_accounts":{"facebook_109133384920963_108472061465099":""},"rop_publish_now_history":[],"rop_publish_now_status":"pending","footnotes":""},"categories":[10],"tags":[78,37,20,19,21],"class_list":["post-8132","post","type-post","status-publish","format-standard","has-post-thumbnail","hentry","category-municipios","tag-amado-cruz-malpica","tag-coatzacoalcos","tag-enterate","tag-redes-sociales","tag-ultima-hora"],"_links":{"self":[{"href":"https:\/\/elveracruzano.vip\/index.php?rest_route=\/wp\/v2\/posts\/8132","targetHints":{"allow":["GET"]}}],"collection":[{"href":"https:\/\/elveracruzano.vip\/index.php?rest_route=\/wp\/v2\/posts"}],"about":[{"href":"https:\/\/elveracruzano.vip\/index.php?rest_route=\/wp\/v2\/types\/post"}],"author":[{"embeddable":true,"href":"https:\/\/elveracruzano.vip\/index.php?rest_route=\/wp\/v2\/users\/4"}],"replies":[{"embeddable":true,"href":"https:\/\/elveracruzano.vip\/index.php?rest_route=%2Fwp%2Fv2%2Fcomments&post=8132"}],"version-history":[{"count":1,"href":"https:\/\/elveracruzano.vip\/index.php?rest_route=\/wp\/v2\/posts\/8132\/revisions"}],"predecessor-version":[{"id":8134,"href":"https:\/\/elveracruzano.vip\/index.php?rest_route=\/wp\/v2\/posts\/8132\/revisions\/8134"}],"wp:featuredmedia":[{"embeddable":true,"href":"https:\/\/elveracruzano.vip\/index.php?rest_route=\/wp\/v2\/media\/8133"}],"wp:attachment":[{"href":"https:\/\/elveracruzano.vip\/index.php?rest_route=%2Fwp%2Fv2%2Fmedia&parent=8132"}],"wp:term":[{"taxonomy":"category","embeddable":true,"href":"https:\/\/elveracruzano.vip\/index.php?rest_route=%2Fwp%2Fv2%2Fcategories&post=8132"},{"taxonomy":"post_tag","embeddable":true,"href":"https:\/\/elveracruzano.vip\/index.php?rest_route=%2Fwp%2Fv2%2Ftags&post=8132"}],"curies":[{"name":"wp","href":"https:\/\/api.w.org\/{rel}","templated":true}]}}