{"id":8056,"date":"2024-08-20T20:08:11","date_gmt":"2024-08-21T02:08:11","guid":{"rendered":"https:\/\/elveracruzano.vip\/?p=8056"},"modified":"2024-08-20T20:08:12","modified_gmt":"2024-08-21T02:08:12","slug":"rehabilita-ayuntamiento-de-cordoba-el-distribuidor-vial-el-diamante-aytocordobaver","status":"publish","type":"post","link":"https:\/\/elveracruzano.vip\/?p=8056","title":{"rendered":"Rehabilita ayuntamiento de C\u00f3rdoba el distribuidor vial El Diamante \/ @AytoCordobaVer >>>"},"content":{"rendered":"\n<p><strong>#C\u00f3rdoba, #Ver.-<\/strong> Una vez que las lluvias cesaron, el Ayuntamiento de C\u00f3rdoba comenz\u00f3 los trabajos de rehabilitaci\u00f3n de la carpeta asf\u00e1ltica en el bulevar Tratados de C\u00f3rdoba, a la altura del distribuidor vial \u201cEl Diamante\u201d, y adem\u00e1s se incluye el balizamiento para una mejor visibilidad de la zona.<\/p>\n\n\n\n<p>La Direcci\u00f3n de Obras P\u00fablicas dio a conocer que debido a las constantes lluvias hubo un acelerado deterioro de la vialidad, aunado al paso constante de veh\u00edculos, esto imposibilit\u00f3 que interviniera las cuadrillas de trabajo para la aplicaci\u00f3n de pavimento asf\u00e1ltico con micro aglomerado. El cese de las lluvias permiti\u00f3 actuar y ha quedado en \u00f3ptimas condiciones.<\/p>\n\n\n\n<p>La rehabilitaci\u00f3n consisti\u00f3 en trabajos previos con nivelaciones focalizadas con mezcla asf\u00e1ltica y capa de rodadura de microaglomerado, incluyendo el balizamiento horizontal.<\/p>\n\n\n\n<p>Esto permitir\u00e1 un tr\u00e1nsito seguro y sin contratiempos para los cientos de automovilistas que a diario transitan por el lugar.<\/p>\n\n\n\n<p><strong>#ElVeracruzanoVIP \u2013\u00a0<ins>&#8211; <\/ins><a href=\"https:\/\/www.facebook.com\/ElVeracruzanoVIP\/\">El Veracruzano VIP<\/a><\/strong><\/p>\n","protected":false},"excerpt":{"rendered":"<p>#C\u00f3rdoba, #Ver.- Una vez que las lluvias cesaron, el Ayuntamiento de C\u00f3rdoba comenz\u00f3 los trabajos de rehabilitaci\u00f3n de la carpeta<\/p>\n","protected":false},"author":4,"featured_media":8057,"comment_status":"open","ping_status":"open","sticky":false,"template":"","format":"standard","meta":{"colormag_page_container_layout":"default_layout","colormag_page_sidebar_layout":"default_layout","rop_custom_images_group":[],"rop_custom_messages_group":[],"rop_publish_now":"yes","rop_publish_now_accounts":{"facebook_109133384920963_108472061465099":""},"rop_publish_now_history":[],"rop_publish_now_status":"pending","footnotes":""},"categories":[11],"tags":[36,20,19,21],"class_list":["post-8056","post","type-post","status-publish","format-standard","has-post-thumbnail","hentry","category-municipios-destacados","tag-cordoba","tag-enterate","tag-redes-sociales","tag-ultima-hora"],"_links":{"self":[{"href":"https:\/\/elveracruzano.vip\/index.php?rest_route=\/wp\/v2\/posts\/8056","targetHints":{"allow":["GET"]}}],"collection":[{"href":"https:\/\/elveracruzano.vip\/index.php?rest_route=\/wp\/v2\/posts"}],"about":[{"href":"https:\/\/elveracruzano.vip\/index.php?rest_route=\/wp\/v2\/types\/post"}],"author":[{"embeddable":true,"href":"https:\/\/elveracruzano.vip\/index.php?rest_route=\/wp\/v2\/users\/4"}],"replies":[{"embeddable":true,"href":"https:\/\/elveracruzano.vip\/index.php?rest_route=%2Fwp%2Fv2%2Fcomments&post=8056"}],"version-history":[{"count":1,"href":"https:\/\/elveracruzano.vip\/index.php?rest_route=\/wp\/v2\/posts\/8056\/revisions"}],"predecessor-version":[{"id":8058,"href":"https:\/\/elveracruzano.vip\/index.php?rest_route=\/wp\/v2\/posts\/8056\/revisions\/8058"}],"wp:featuredmedia":[{"embeddable":true,"href":"https:\/\/elveracruzano.vip\/index.php?rest_route=\/wp\/v2\/media\/8057"}],"wp:attachment":[{"href":"https:\/\/elveracruzano.vip\/index.php?rest_route=%2Fwp%2Fv2%2Fmedia&parent=8056"}],"wp:term":[{"taxonomy":"category","embeddable":true,"href":"https:\/\/elveracruzano.vip\/index.php?rest_route=%2Fwp%2Fv2%2Fcategories&post=8056"},{"taxonomy":"post_tag","embeddable":true,"href":"https:\/\/elveracruzano.vip\/index.php?rest_route=%2Fwp%2Fv2%2Ftags&post=8056"}],"curies":[{"name":"wp","href":"https:\/\/api.w.org\/{rel}","templated":true}]}}