{"id":8024,"date":"2024-08-08T20:21:25","date_gmt":"2024-08-09T02:21:25","guid":{"rendered":"https:\/\/elveracruzano.vip\/?p=8024"},"modified":"2024-08-08T20:21:25","modified_gmt":"2024-08-09T02:21:25","slug":"la-consolidacion-del-opd-imss-bienestar-en-veracruz-avanza-gobiernover","status":"publish","type":"post","link":"https:\/\/elveracruzano.vip\/?p=8024","title":{"rendered":"La consolidaci\u00f3n del OPD IMSS-Bienestar en Veracruz avanza \/ @GobiernoVer >>>"},"content":{"rendered":"\n<p><strong>#GobiernoDeVeracruz.- <\/strong>Con la instrucci\u00f3n de nuestro gobernador, Ing. Cuitl\u00e1huac Garc\u00eda Jim\u00e9nez, y apegados a las normativas y el trabajo conjunto con las distintas instituciones federales, la consolidaci\u00f3n del OPD IMSS-Bienestar en Veracruz avanza.<\/p>\n\n\n\n<p>Muestra de lo anterior son las reuniones de supervisi\u00f3n, seguimiento y acompa\u00f1amiento en la transferencia de unidades m\u00e9dicas y servicios al OPD IMSS-Bienestar que iniciaron el d\u00eda de hoy encabezadas por nuestro gobernador y m\u00e1xima autoridad de salud en el Estado.<\/p>\n\n\n\n<p>Con mesas de trabajo de la Unidad Jur\u00eddica; de Atenci\u00f3n a la Salud; de Administraci\u00f3n y Finanzas, y de Coordinaci\u00f3n y Abasto, se impulsa el proceso de federalizaci\u00f3n del sistema de salud estatal en favor de las y los veracruzanos.<\/p>\n\n\n\n<p><strong>#ElVeracruzanoVIP <\/strong>\u2013<strong><ins> <\/ins><\/strong><a href=\"https:\/\/www.facebook.com\/ElVeracruzanoVIP\/\">El Veracruzano VIP<\/a><\/p>\n","protected":false},"excerpt":{"rendered":"<p>#GobiernoDeVeracruz.- Con la instrucci\u00f3n de nuestro gobernador, Ing. Cuitl\u00e1huac Garc\u00eda Jim\u00e9nez, y apegados a las normativas y el trabajo conjunto<\/p>\n","protected":false},"author":4,"featured_media":8025,"comment_status":"open","ping_status":"open","sticky":false,"template":"","format":"standard","meta":{"colormag_page_container_layout":"default_layout","colormag_page_sidebar_layout":"default_layout","rop_custom_images_group":[],"rop_custom_messages_group":[],"rop_publish_now":"yes","rop_publish_now_accounts":{"facebook_109133384920963_108472061465099":""},"rop_publish_now_history":[],"rop_publish_now_status":"pending","footnotes":""},"categories":[14],"tags":[20,18,19,21],"class_list":["post-8024","post","type-post","status-publish","format-standard","has-post-thumbnail","hentry","category-secretarias","tag-enterate","tag-gobierno-del-estado-de-veracruz","tag-redes-sociales","tag-ultima-hora"],"_links":{"self":[{"href":"https:\/\/elveracruzano.vip\/index.php?rest_route=\/wp\/v2\/posts\/8024","targetHints":{"allow":["GET"]}}],"collection":[{"href":"https:\/\/elveracruzano.vip\/index.php?rest_route=\/wp\/v2\/posts"}],"about":[{"href":"https:\/\/elveracruzano.vip\/index.php?rest_route=\/wp\/v2\/types\/post"}],"author":[{"embeddable":true,"href":"https:\/\/elveracruzano.vip\/index.php?rest_route=\/wp\/v2\/users\/4"}],"replies":[{"embeddable":true,"href":"https:\/\/elveracruzano.vip\/index.php?rest_route=%2Fwp%2Fv2%2Fcomments&post=8024"}],"version-history":[{"count":1,"href":"https:\/\/elveracruzano.vip\/index.php?rest_route=\/wp\/v2\/posts\/8024\/revisions"}],"predecessor-version":[{"id":8026,"href":"https:\/\/elveracruzano.vip\/index.php?rest_route=\/wp\/v2\/posts\/8024\/revisions\/8026"}],"wp:featuredmedia":[{"embeddable":true,"href":"https:\/\/elveracruzano.vip\/index.php?rest_route=\/wp\/v2\/media\/8025"}],"wp:attachment":[{"href":"https:\/\/elveracruzano.vip\/index.php?rest_route=%2Fwp%2Fv2%2Fmedia&parent=8024"}],"wp:term":[{"taxonomy":"category","embeddable":true,"href":"https:\/\/elveracruzano.vip\/index.php?rest_route=%2Fwp%2Fv2%2Fcategories&post=8024"},{"taxonomy":"post_tag","embeddable":true,"href":"https:\/\/elveracruzano.vip\/index.php?rest_route=%2Fwp%2Fv2%2Ftags&post=8024"}],"curies":[{"name":"wp","href":"https:\/\/api.w.org\/{rel}","templated":true}]}}