{"id":7915,"date":"2024-07-09T18:22:04","date_gmt":"2024-07-10T00:22:04","guid":{"rendered":"https:\/\/elveracruzano.vip\/?p=7915"},"modified":"2024-07-09T18:22:05","modified_gmt":"2024-07-10T00:22:05","slug":"tendra-coatzacoalcos-centro-de-acopio-de-llantas-que-recibira-10-mil-neumaticos-en-desuso-coatzagob","status":"publish","type":"post","link":"https:\/\/elveracruzano.vip\/?p=7915","title":{"rendered":"Tendr\u00e1 Coatzacoalcos Centro de Acopio de Llantas que recibir\u00e1 10 mil neum\u00e1ticos en desuso \/ @coatzagob >>>"},"content":{"rendered":"\n<p><strong>#Coatzacoalcos, #Ver.-<\/strong> El presidente municipal, Amado Cruz Malpica, inform\u00f3 que aunado al saneamiento del sitio de disposici\u00f3n final de Villa Allende y a la construcci\u00f3n de la Planta de Compostaje Municipal, se contempla la edificaci\u00f3n del Centro de Acopio de Llantas de Coatzacoalcos con una inversi\u00f3n de 2 millones 300 mil pesos.<\/p>\n\n\n\n<p>\u201cUna tercera pieza de la pol\u00edtica medioambiental del municipio tiene que ver con el \u2018Centro de Acopio de Llantas\u2019 que tambi\u00e9n est\u00e1 en pleno proceso de construcci\u00f3n y tiene como finalidad recolectar los neum\u00e1ticos en desuso\u201d.<\/p>\n\n\n\n<p>Amado Cruz Malpica destac\u00f3 que se trata de una nave industrial con ventilaci\u00f3n, piso de hormig\u00f3n, sistemas de prevenci\u00f3n de incendios, alarmas y controles administrativos, donde se estima concentrar 10 mil llantas para dejar\u00e1n de enviarse a los sitios de disposici\u00f3n final.<\/p>\n\n\n\n<p>Por su parte, el subdirector de Medio Ambiente y Ecolog\u00eda, Octavio de los Reyes Trejo, destac\u00f3 que Veracruz es uno de los 10 estados con mayor parque vehicular y en Coatzacoalcos circulan alrededor de 150 mil veh\u00edculos, de los cuales 5 mil son taxis y 600 urbanos.<\/p>\n\n\n\n<p><strong>#ElVeracruzanoVIP &#8211; <\/strong><a href=\"https:\/\/www.facebook.com\/ElVeracruzanoVIP\/\">El Veracruzano VIP<\/a><\/p>\n","protected":false},"excerpt":{"rendered":"<p>#Coatzacoalcos, #Ver.- El presidente municipal, Amado Cruz Malpica, inform\u00f3 que aunado al saneamiento del sitio de disposici\u00f3n final de Villa<\/p>\n","protected":false},"author":4,"featured_media":7916,"comment_status":"open","ping_status":"open","sticky":false,"template":"","format":"standard","meta":{"colormag_page_container_layout":"default_layout","colormag_page_sidebar_layout":"default_layout","rop_custom_images_group":[],"rop_custom_messages_group":[],"rop_publish_now":"yes","rop_publish_now_accounts":{"facebook_109133384920963_108472061465099":""},"rop_publish_now_history":[],"rop_publish_now_status":"pending","footnotes":""},"categories":[10],"tags":[37,20,19,21],"class_list":["post-7915","post","type-post","status-publish","format-standard","has-post-thumbnail","hentry","category-municipios","tag-coatzacoalcos","tag-enterate","tag-redes-sociales","tag-ultima-hora"],"_links":{"self":[{"href":"https:\/\/elveracruzano.vip\/index.php?rest_route=\/wp\/v2\/posts\/7915","targetHints":{"allow":["GET"]}}],"collection":[{"href":"https:\/\/elveracruzano.vip\/index.php?rest_route=\/wp\/v2\/posts"}],"about":[{"href":"https:\/\/elveracruzano.vip\/index.php?rest_route=\/wp\/v2\/types\/post"}],"author":[{"embeddable":true,"href":"https:\/\/elveracruzano.vip\/index.php?rest_route=\/wp\/v2\/users\/4"}],"replies":[{"embeddable":true,"href":"https:\/\/elveracruzano.vip\/index.php?rest_route=%2Fwp%2Fv2%2Fcomments&post=7915"}],"version-history":[{"count":1,"href":"https:\/\/elveracruzano.vip\/index.php?rest_route=\/wp\/v2\/posts\/7915\/revisions"}],"predecessor-version":[{"id":7917,"href":"https:\/\/elveracruzano.vip\/index.php?rest_route=\/wp\/v2\/posts\/7915\/revisions\/7917"}],"wp:featuredmedia":[{"embeddable":true,"href":"https:\/\/elveracruzano.vip\/index.php?rest_route=\/wp\/v2\/media\/7916"}],"wp:attachment":[{"href":"https:\/\/elveracruzano.vip\/index.php?rest_route=%2Fwp%2Fv2%2Fmedia&parent=7915"}],"wp:term":[{"taxonomy":"category","embeddable":true,"href":"https:\/\/elveracruzano.vip\/index.php?rest_route=%2Fwp%2Fv2%2Fcategories&post=7915"},{"taxonomy":"post_tag","embeddable":true,"href":"https:\/\/elveracruzano.vip\/index.php?rest_route=%2Fwp%2Fv2%2Ftags&post=7915"}],"curies":[{"name":"wp","href":"https:\/\/api.w.org\/{rel}","templated":true}]}}