{"id":7868,"date":"2024-06-25T18:47:31","date_gmt":"2024-06-26T00:47:31","guid":{"rendered":"https:\/\/elveracruzano.vip\/?p=7868"},"modified":"2024-06-25T18:47:33","modified_gmt":"2024-06-26T00:47:33","slug":"durante-la-semana-de-reforestacion-plantara-gobierno-medio-millon-de-arboles-gobiernover","status":"publish","type":"post","link":"https:\/\/elveracruzano.vip\/?p=7868","title":{"rendered":"Durante la Semana de Reforestaci\u00f3n plantar\u00e1 Gobierno medio mill\u00f3n de \u00e1rboles \/ @GobiernoVer >>>"},"content":{"rendered":"\n<p><strong>#GobiernoDeVeracruz.-<\/strong> Del 22 al 28 de julio tendr\u00e1 lugar la Semana de Reforestaci\u00f3n Masiva con la siembra de 614 mil plantas en 160 \u00e1reas forestales del estado, a fin de conservar los ecosistemas y contrarrestar las afectaciones por incendios y el cambio clim\u00e1tico, anunci\u00f3 la Secretar\u00eda de Medio Ambiente (SEDEMA).<\/p>\n\n\n\n<p>Tan s\u00f3lo el domingo 28 de julio habr\u00e1 68 mil plantaciones en 34 municipios que comprenden las zonas consideradas bosque de niebla, y una segunda el 29 de septiembre con 20 mil plantas en 10 municipios con bosque tropical.<\/p>\n\n\n\n<p>Para su distribuci\u00f3n estar\u00e1n habilitados 37 viveros con 800 mil 702 plantas disponibles y, de manera adicional, se utilizar\u00e1n 15 drones construidos por institutos tecnol\u00f3gicos y el Colegio Nacional de Educaci\u00f3n Profesional T\u00e9cnica que distribuir\u00e1n semillas en puntos de dif\u00edcil acceso, principalmente los da\u00f1ados por incendios.<\/p>\n\n\n\n<p>Por otra parte, la dependencia inform\u00f3 que durante la administraci\u00f3n los bosques de San Pedro en el Monte y La Cortadura fueron nombrados \u00e1reas naturales protegidas. Estos sitios suman 591 hect\u00e1reas y se localizan en las inmediaciones de los municipios de Acajete, Las Vigas, Perote y Coatepec.<\/p>\n\n\n\n<p>A su vez, las reservas ecol\u00f3gicas Ejido Jilotepec y Mesa de Enmedio en Emiliano Zapata est\u00e1n en proceso de consulta p\u00fablica para la declaratoria de \u00c1rea Natural Protegida, de 55.3 y 83.7 hect\u00e1reas, respectivamente.<\/p>\n\n\n\n<p>La administraci\u00f3n federal se ha sumado con los decretos en el Santuario Playa Lechuguillas, Santuario Playas del Totonacapan y \u00c1rea de Protecci\u00f3n de Recursos Naturales de Tlachinoltepetl, que integran una superficie de mil 414.6 hect\u00e1reas.<\/p>\n\n\n\n<p>En cuanto a las \u00e1reas privadas y voluntarias de conservaci\u00f3n, suman 3 mil 164.2 hect\u00e1reas en 28 municipios, a la par se trabaja en programas de manejo forestal en San Felipe II de Uxpanapa, Cerro del Algod\u00f3n en Misantla, San Pedro en el Monte y el Tejar Garnica en Xalapa.<\/p>\n\n\n\n<p><strong>#ElVeracruzanoVIP &#8211; <\/strong><a href=\"https:\/\/www.facebook.com\/ElVeracruzanoVIP\/\">El Veracruzano VIP<\/a><\/p>\n","protected":false},"excerpt":{"rendered":"<p>#GobiernoDeVeracruz.- Del 22 al 28 de julio tendr\u00e1 lugar la Semana de Reforestaci\u00f3n Masiva con la siembra de 614 mil<\/p>\n","protected":false},"author":4,"featured_media":7869,"comment_status":"open","ping_status":"open","sticky":false,"template":"","format":"standard","meta":{"colormag_page_container_layout":"default_layout","colormag_page_sidebar_layout":"default_layout","rop_custom_images_group":[],"rop_custom_messages_group":[],"rop_publish_now":"yes","rop_publish_now_accounts":{"facebook_109133384920963_108472061465099":""},"rop_publish_now_history":[],"rop_publish_now_status":"pending","footnotes":""},"categories":[13],"tags":[20,18,19,21],"class_list":["post-7868","post","type-post","status-publish","format-standard","has-post-thumbnail","hentry","category-principales","tag-enterate","tag-gobierno-del-estado-de-veracruz","tag-redes-sociales","tag-ultima-hora"],"_links":{"self":[{"href":"https:\/\/elveracruzano.vip\/index.php?rest_route=\/wp\/v2\/posts\/7868","targetHints":{"allow":["GET"]}}],"collection":[{"href":"https:\/\/elveracruzano.vip\/index.php?rest_route=\/wp\/v2\/posts"}],"about":[{"href":"https:\/\/elveracruzano.vip\/index.php?rest_route=\/wp\/v2\/types\/post"}],"author":[{"embeddable":true,"href":"https:\/\/elveracruzano.vip\/index.php?rest_route=\/wp\/v2\/users\/4"}],"replies":[{"embeddable":true,"href":"https:\/\/elveracruzano.vip\/index.php?rest_route=%2Fwp%2Fv2%2Fcomments&post=7868"}],"version-history":[{"count":1,"href":"https:\/\/elveracruzano.vip\/index.php?rest_route=\/wp\/v2\/posts\/7868\/revisions"}],"predecessor-version":[{"id":7870,"href":"https:\/\/elveracruzano.vip\/index.php?rest_route=\/wp\/v2\/posts\/7868\/revisions\/7870"}],"wp:featuredmedia":[{"embeddable":true,"href":"https:\/\/elveracruzano.vip\/index.php?rest_route=\/wp\/v2\/media\/7869"}],"wp:attachment":[{"href":"https:\/\/elveracruzano.vip\/index.php?rest_route=%2Fwp%2Fv2%2Fmedia&parent=7868"}],"wp:term":[{"taxonomy":"category","embeddable":true,"href":"https:\/\/elveracruzano.vip\/index.php?rest_route=%2Fwp%2Fv2%2Fcategories&post=7868"},{"taxonomy":"post_tag","embeddable":true,"href":"https:\/\/elveracruzano.vip\/index.php?rest_route=%2Fwp%2Fv2%2Ftags&post=7868"}],"curies":[{"name":"wp","href":"https:\/\/api.w.org\/{rel}","templated":true}]}}