{"id":7845,"date":"2024-06-18T20:37:50","date_gmt":"2024-06-19T02:37:50","guid":{"rendered":"https:\/\/elveracruzano.vip\/?p=7845"},"modified":"2024-06-18T20:37:50","modified_gmt":"2024-06-19T02:37:50","slug":"realizan-rueda-de-prensa-para-anunciar-los-cursos-de-verano-orizaba-2024-aytodeorizaba","status":"publish","type":"post","link":"https:\/\/elveracruzano.vip\/?p=7845","title":{"rendered":"Realizan rueda de prensa para anunciar los Cursos de Verano Orizaba 2024 \/ @aytodeorizaba >>>"},"content":{"rendered":"\n<p><strong>#Orizaba, #Ver.-<\/strong> Realizaron la rueda de prensa para dar a conocer todos los detalles sobre los Cursos de Verano Orizaba 2024, los cuales van dirigidos a ni\u00f1os de 6 hasta 17 a\u00f1os.<\/p>\n\n\n\n<p>En estos cursos se impartir\u00e1n disciplinas como F\u00fatbol, B\u00e1squetbol, Voleibol, Boy Scout, Break Dance, Taekwondo, Nataci\u00f3n y Atletismo.<\/p>\n\n\n\n<p>Las inscripciones se realizar\u00e1n a partir de hoy 18 de junio en las instalaciones de CDO Norte y CDO Sur, el cupo es limitado.<\/p>\n\n\n\n<p><strong>#ElVeracruzanoVIP &#8211; <\/strong><a href=\"https:\/\/www.facebook.com\/ElVeracruzanoVIP\/\">El Veracruzano VIP<\/a><\/p>\n","protected":false},"excerpt":{"rendered":"<p>#Orizaba, #Ver.- Realizaron la rueda de prensa para dar a conocer todos los detalles sobre los Cursos de Verano Orizaba<\/p>\n","protected":false},"author":4,"featured_media":7846,"comment_status":"open","ping_status":"open","sticky":false,"template":"","format":"standard","meta":{"colormag_page_container_layout":"default_layout","colormag_page_sidebar_layout":"default_layout","rop_custom_images_group":[],"rop_custom_messages_group":[],"rop_publish_now":"yes","rop_publish_now_accounts":{"facebook_109133384920963_108472061465099":""},"rop_publish_now_history":[],"rop_publish_now_status":"pending","footnotes":""},"categories":[11],"tags":[53,20,19,21],"class_list":["post-7845","post","type-post","status-publish","format-standard","has-post-thumbnail","hentry","category-municipios-destacados","tag-ayuntamiento-de-orizaba","tag-enterate","tag-redes-sociales","tag-ultima-hora"],"_links":{"self":[{"href":"https:\/\/elveracruzano.vip\/index.php?rest_route=\/wp\/v2\/posts\/7845","targetHints":{"allow":["GET"]}}],"collection":[{"href":"https:\/\/elveracruzano.vip\/index.php?rest_route=\/wp\/v2\/posts"}],"about":[{"href":"https:\/\/elveracruzano.vip\/index.php?rest_route=\/wp\/v2\/types\/post"}],"author":[{"embeddable":true,"href":"https:\/\/elveracruzano.vip\/index.php?rest_route=\/wp\/v2\/users\/4"}],"replies":[{"embeddable":true,"href":"https:\/\/elveracruzano.vip\/index.php?rest_route=%2Fwp%2Fv2%2Fcomments&post=7845"}],"version-history":[{"count":1,"href":"https:\/\/elveracruzano.vip\/index.php?rest_route=\/wp\/v2\/posts\/7845\/revisions"}],"predecessor-version":[{"id":7847,"href":"https:\/\/elveracruzano.vip\/index.php?rest_route=\/wp\/v2\/posts\/7845\/revisions\/7847"}],"wp:featuredmedia":[{"embeddable":true,"href":"https:\/\/elveracruzano.vip\/index.php?rest_route=\/wp\/v2\/media\/7846"}],"wp:attachment":[{"href":"https:\/\/elveracruzano.vip\/index.php?rest_route=%2Fwp%2Fv2%2Fmedia&parent=7845"}],"wp:term":[{"taxonomy":"category","embeddable":true,"href":"https:\/\/elveracruzano.vip\/index.php?rest_route=%2Fwp%2Fv2%2Fcategories&post=7845"},{"taxonomy":"post_tag","embeddable":true,"href":"https:\/\/elveracruzano.vip\/index.php?rest_route=%2Fwp%2Fv2%2Ftags&post=7845"}],"curies":[{"name":"wp","href":"https:\/\/api.w.org\/{rel}","templated":true}]}}