{"id":7754,"date":"2024-05-16T20:41:58","date_gmt":"2024-05-17T02:41:58","guid":{"rendered":"https:\/\/elveracruzano.vip\/?p=7754"},"modified":"2024-05-16T20:41:59","modified_gmt":"2024-05-17T02:41:59","slug":"invita-municipio-de-tepic-en-nayarit-al-curso-de-elaboracion-de-pasteles-geraldineponcem-gobiernodetepic","status":"publish","type":"post","link":"https:\/\/elveracruzano.vip\/?p=7754","title":{"rendered":"Invita municipio de Tepic, en Nayarit, al curso de elaboraci\u00f3n de pasteles \/ @GeraldinePonceM @Gobiernodetepic >>>"},"content":{"rendered":"\n<p><strong>#Tepic, #Nay.-<\/strong>\u00a0Si quieres emprender y tener tu propio negocio, el municipio de Tepic invita a la ciudadan\u00eda al curso de elaboraci\u00f3n de pasteles por parte del Instituto Municipal de la Mujer. Es para personas de 15 a\u00f1os en adelante, e inicia el 6 de junio.<\/p>\n\n\n\n<p><strong>#ElVeracruzanoVIP &#8211; <\/strong><a href=\"https:\/\/www.facebook.com\/ElVeracruzanoVIP\/\">El Veracruzano VIP<\/a><\/p>\n","protected":false},"excerpt":{"rendered":"<p>#Tepic, #Nay.-\u00a0Si quieres emprender y tener tu propio negocio, el municipio de Tepic invita a la ciudadan\u00eda al curso de<\/p>\n","protected":false},"author":4,"featured_media":7755,"comment_status":"open","ping_status":"open","sticky":false,"template":"","format":"standard","meta":{"colormag_page_container_layout":"default_layout","colormag_page_sidebar_layout":"default_layout","rop_custom_images_group":[],"rop_custom_messages_group":[],"rop_publish_now":"yes","rop_publish_now_accounts":{"facebook_109133384920963_108472061465099":""},"rop_publish_now_history":[],"rop_publish_now_status":"pending","footnotes":""},"categories":[12],"tags":[70,20,103,19,21],"class_list":["post-7754","post","type-post","status-publish","format-standard","has-post-thumbnail","hentry","category-municipios-en-mexico","tag-ayuntamiento-de-tepic","tag-enterate","tag-geraldine-ponce","tag-redes-sociales","tag-ultima-hora"],"_links":{"self":[{"href":"https:\/\/elveracruzano.vip\/index.php?rest_route=\/wp\/v2\/posts\/7754","targetHints":{"allow":["GET"]}}],"collection":[{"href":"https:\/\/elveracruzano.vip\/index.php?rest_route=\/wp\/v2\/posts"}],"about":[{"href":"https:\/\/elveracruzano.vip\/index.php?rest_route=\/wp\/v2\/types\/post"}],"author":[{"embeddable":true,"href":"https:\/\/elveracruzano.vip\/index.php?rest_route=\/wp\/v2\/users\/4"}],"replies":[{"embeddable":true,"href":"https:\/\/elveracruzano.vip\/index.php?rest_route=%2Fwp%2Fv2%2Fcomments&post=7754"}],"version-history":[{"count":1,"href":"https:\/\/elveracruzano.vip\/index.php?rest_route=\/wp\/v2\/posts\/7754\/revisions"}],"predecessor-version":[{"id":7756,"href":"https:\/\/elveracruzano.vip\/index.php?rest_route=\/wp\/v2\/posts\/7754\/revisions\/7756"}],"wp:featuredmedia":[{"embeddable":true,"href":"https:\/\/elveracruzano.vip\/index.php?rest_route=\/wp\/v2\/media\/7755"}],"wp:attachment":[{"href":"https:\/\/elveracruzano.vip\/index.php?rest_route=%2Fwp%2Fv2%2Fmedia&parent=7754"}],"wp:term":[{"taxonomy":"category","embeddable":true,"href":"https:\/\/elveracruzano.vip\/index.php?rest_route=%2Fwp%2Fv2%2Fcategories&post=7754"},{"taxonomy":"post_tag","embeddable":true,"href":"https:\/\/elveracruzano.vip\/index.php?rest_route=%2Fwp%2Fv2%2Ftags&post=7754"}],"curies":[{"name":"wp","href":"https:\/\/api.w.org\/{rel}","templated":true}]}}