{"id":768,"date":"2022-01-24T17:58:00","date_gmt":"2022-01-24T23:58:00","guid":{"rendered":"http:\/\/elveracruzano.vip\/?p=768"},"modified":"2022-01-24T12:03:05","modified_gmt":"2022-01-24T18:03:05","slug":"ultimos-fines-de-semana-para-liberar-cartilla-militar","status":"publish","type":"post","link":"https:\/\/elveracruzano.vip\/?p=768","title":{"rendered":"\u00daltimos fines de semana para liberar Cartilla Militar"},"content":{"rendered":"\n<p><strong>#C\u00f3rdoba<\/strong>, <strong>#Ver<\/strong>.- El gobierno municipal de C\u00f3rdoba dio como prorroga hasta el pr\u00f3ximo fin de semana para acudir al Palacio municipal, donde personal del LXIII Batall\u00f3n de Infanter\u00eda estar\u00e1 hasta las 13:00 horas para recibir la documentaci\u00f3n. El plazo vence el 30 de enero, para que te sea entregada en el mes de diciembre.<\/p>\n\n\n\n<p>El jefe de la Junta de Reclutamiento del Servicio Militar Nacional del Ayuntamiento, Antonio Hern\u00e1ndez Celis, inform\u00f3 que est\u00e1n en proceso de recepci\u00f3n de cartillas de la clase 2003 y remisos para su liberaci\u00f3n; se instalan los s\u00e1bados y domingos, de 8:00 a 13:00 horas en el patio central del Palacio municipal, a donde pueden acudir personas con cartillas de los municipios de C\u00f3rdoba, Coetzala, Naranjal, Amatl\u00e1n y Fort\u00edn.<\/p>\n\n\n\n<p>Hern\u00e1ndez Celis invit\u00f3 a quienes tengan pendiente este tr\u00e1mite a acudir: \u201cest\u00e1n a tiempo que saquen su documento porque para muchos trabajos lo piden. Ahorita viene mucha gente inclusive de m\u00e1s de 40 a\u00f1os y ya no es posible hac\u00e9rselas\u201d, mencion\u00f3 el funcionario, al recordar que la edad l\u00edmite para tramitar o liberar una Cartilla son a los 39 a\u00f1os. Si tienen m\u00e1s de 40 a\u00f1os deben ir a la Zona Militar a arreglar su situaci\u00f3n.<\/p>\n\n\n\n<p>Los j\u00f3venes que deseen liberar su Cartilla deben acudir con una copia fotost\u00e1tica de su Acta de nacimiento, CURP y un lapicero de tinta negra. Se deben formar en la entrada principal del Palacio, donde el personal los har\u00e1 pasar en grupos peque\u00f1os para respetar las medidas de sana distancia y evitar contagios de Covid.<\/p>\n\n\n\n<p>#<strong>ElVeracruzanoVip<\/strong><\/p>\n","protected":false},"excerpt":{"rendered":"<p>#C\u00f3rdoba, #Ver.- El gobierno municipal de C\u00f3rdoba dio como prorroga hasta el pr\u00f3ximo fin de semana para acudir al Palacio<\/p>\n","protected":false},"author":4,"featured_media":0,"comment_status":"open","ping_status":"open","sticky":false,"template":"","format":"standard","meta":{"colormag_page_container_layout":"default_layout","colormag_page_sidebar_layout":"default_layout","rop_custom_images_group":[],"rop_custom_messages_group":[],"rop_publish_now":"initial","rop_publish_now_accounts":{"facebook_109133384920963_108472061465099":""},"rop_publish_now_history":[],"rop_publish_now_status":"pending","footnotes":""},"categories":[14],"tags":[17,26,20,18,24,19,21,23,22],"class_list":["post-768","post","type-post","status-publish","format-standard","hentry","category-secretarias","tag-cuitlahuac-garcia-jimenez","tag-el-veracruzano-vip","tag-enterate","tag-gobierno-del-estado-de-veracruz","tag-morena-veracruz","tag-redes-sociales","tag-ultima-hora","tag-ultimas-noticias","tag-ultimo-minuto"],"_links":{"self":[{"href":"https:\/\/elveracruzano.vip\/index.php?rest_route=\/wp\/v2\/posts\/768","targetHints":{"allow":["GET"]}}],"collection":[{"href":"https:\/\/elveracruzano.vip\/index.php?rest_route=\/wp\/v2\/posts"}],"about":[{"href":"https:\/\/elveracruzano.vip\/index.php?rest_route=\/wp\/v2\/types\/post"}],"author":[{"embeddable":true,"href":"https:\/\/elveracruzano.vip\/index.php?rest_route=\/wp\/v2\/users\/4"}],"replies":[{"embeddable":true,"href":"https:\/\/elveracruzano.vip\/index.php?rest_route=%2Fwp%2Fv2%2Fcomments&post=768"}],"version-history":[{"count":2,"href":"https:\/\/elveracruzano.vip\/index.php?rest_route=\/wp\/v2\/posts\/768\/revisions"}],"predecessor-version":[{"id":774,"href":"https:\/\/elveracruzano.vip\/index.php?rest_route=\/wp\/v2\/posts\/768\/revisions\/774"}],"wp:attachment":[{"href":"https:\/\/elveracruzano.vip\/index.php?rest_route=%2Fwp%2Fv2%2Fmedia&parent=768"}],"wp:term":[{"taxonomy":"category","embeddable":true,"href":"https:\/\/elveracruzano.vip\/index.php?rest_route=%2Fwp%2Fv2%2Fcategories&post=768"},{"taxonomy":"post_tag","embeddable":true,"href":"https:\/\/elveracruzano.vip\/index.php?rest_route=%2Fwp%2Fv2%2Ftags&post=768"}],"curies":[{"name":"wp","href":"https:\/\/api.w.org\/{rel}","templated":true}]}}