{"id":758,"date":"2022-01-24T13:48:00","date_gmt":"2022-01-24T19:48:00","guid":{"rendered":"http:\/\/elveracruzano.vip\/?p=758"},"modified":"2022-01-24T11:51:29","modified_gmt":"2022-01-24T17:51:29","slug":"lleva-a-cabo-gobierno-de-veracruz-capacitacion-teorica-practica-para-el-manejo-y-operacion-de-planta-potabilizadora","status":"publish","type":"post","link":"https:\/\/elveracruzano.vip\/?p=758","title":{"rendered":"Lleva a cabo gobierno de Veracruz, capacitaci\u00f3n te\u00f3rica-pr\u00e1ctica para el manejo y operaci\u00f3n de planta potabilizadora"},"content":{"rendered":"\n<p><strong>#GobiernoDeVeracruz<\/strong>.- Hasta el 27 de enero, la Secretar\u00eda De Protecci\u00f3n Civil de Veracruz participar\u00e1 en la capacitaci\u00f3n te\u00f3rica-pr\u00e1ctica para el manejo y operaci\u00f3n de planta potabilizadora, con el objetivo de contar con personal capacitado para operar la planta RWT-01, y con ello poder dar el servicio de agua potable y\/o purificada en caso de contingencia.<\/p>\n\n\n\n<div class=\"wp-block-image\"><figure class=\"aligncenter size-large is-resized\"><img loading=\"lazy\" decoding=\"async\" src=\"http:\/\/elveracruzano.vip\/wp-content\/uploads\/2022\/01\/ultiv2-4-1024x576.jpg\" alt=\"\" class=\"wp-image-759\" width=\"535\" height=\"301\"\/><\/figure><\/div>\n\n\n\n<p><strong>#ElVeracruzanoVip<\/strong><\/p>\n","protected":false},"excerpt":{"rendered":"<p>#GobiernoDeVeracruz.- Hasta el 27 de enero, la Secretar\u00eda De Protecci\u00f3n Civil de Veracruz participar\u00e1 en la capacitaci\u00f3n te\u00f3rica-pr\u00e1ctica para el<\/p>\n","protected":false},"author":4,"featured_media":0,"comment_status":"open","ping_status":"open","sticky":false,"template":"","format":"standard","meta":{"colormag_page_container_layout":"default_layout","colormag_page_sidebar_layout":"default_layout","rop_custom_images_group":[],"rop_custom_messages_group":[],"rop_publish_now":"initial","rop_publish_now_accounts":{"facebook_109133384920963_108472061465099":""},"rop_publish_now_history":[],"rop_publish_now_status":"pending","footnotes":""},"categories":[16],"tags":[17,26,20,18,24,19,84,21,23,22],"class_list":["post-758","post","type-post","status-publish","format-standard","hentry","category-ultima-hora","tag-cuitlahuac-garcia-jimenez","tag-el-veracruzano-vip","tag-enterate","tag-gobierno-del-estado-de-veracruz","tag-morena-veracruz","tag-redes-sociales","tag-secretaria-de-proteccion-civil-del-estado-de-veracruz","tag-ultima-hora","tag-ultimas-noticias","tag-ultimo-minuto"],"_links":{"self":[{"href":"https:\/\/elveracruzano.vip\/index.php?rest_route=\/wp\/v2\/posts\/758","targetHints":{"allow":["GET"]}}],"collection":[{"href":"https:\/\/elveracruzano.vip\/index.php?rest_route=\/wp\/v2\/posts"}],"about":[{"href":"https:\/\/elveracruzano.vip\/index.php?rest_route=\/wp\/v2\/types\/post"}],"author":[{"embeddable":true,"href":"https:\/\/elveracruzano.vip\/index.php?rest_route=\/wp\/v2\/users\/4"}],"replies":[{"embeddable":true,"href":"https:\/\/elveracruzano.vip\/index.php?rest_route=%2Fwp%2Fv2%2Fcomments&post=758"}],"version-history":[{"count":1,"href":"https:\/\/elveracruzano.vip\/index.php?rest_route=\/wp\/v2\/posts\/758\/revisions"}],"predecessor-version":[{"id":761,"href":"https:\/\/elveracruzano.vip\/index.php?rest_route=\/wp\/v2\/posts\/758\/revisions\/761"}],"wp:attachment":[{"href":"https:\/\/elveracruzano.vip\/index.php?rest_route=%2Fwp%2Fv2%2Fmedia&parent=758"}],"wp:term":[{"taxonomy":"category","embeddable":true,"href":"https:\/\/elveracruzano.vip\/index.php?rest_route=%2Fwp%2Fv2%2Fcategories&post=758"},{"taxonomy":"post_tag","embeddable":true,"href":"https:\/\/elveracruzano.vip\/index.php?rest_route=%2Fwp%2Fv2%2Ftags&post=758"}],"curies":[{"name":"wp","href":"https:\/\/api.w.org\/{rel}","templated":true}]}}