{"id":7554,"date":"2024-03-21T19:41:59","date_gmt":"2024-03-22T01:41:59","guid":{"rendered":"https:\/\/elveracruzano.vip\/?p=7554"},"modified":"2024-03-21T19:41:59","modified_gmt":"2024-03-22T01:41:59","slug":"constituyen-comite-de-salud-en-minatitlan-dramedelpalma-gobminatitlan","status":"publish","type":"post","link":"https:\/\/elveracruzano.vip\/?p=7554","title":{"rendered":"Constituyen Comit\u00e9 de Salud en Minatitl\u00e1n \/ @DraMedelPalma @gobminatitlan >>>"},"content":{"rendered":"\n<p><strong>#Minatitl\u00e1n, #Ver.- <\/strong>Con el objetivo de fortalecer el sistema de salud, se constituy\u00f3 el Comit\u00e9 de Salud en Minatitl\u00e1n, en el cual se invit\u00f3 a la ciudadan\u00eda a participar activamente. Este comit\u00e9 es un paso fundamental para la consolidaci\u00f3n del Hospital Civil y Centro de Salud, as\u00ed como para migrar hacia el Sistema IMSS Bienestar.<\/p>\n\n\n\n<p>El Comit\u00e9 de Salud estar\u00e1 integrado por un Presidente y Vocales especializados en diferentes \u00e1reas clave, <a><\/a>tales como Salud, Saneamiento, Nutrici\u00f3n, Educaci\u00f3n para la Salud, Contralor\u00eda Social y\/o Aval Ciudadano, Contingencias y Desastres. La participaci\u00f3n activa de la ciudadan\u00eda es un requisito indispensable para lograr el \u00e9xito y la eficacia de estos servicios.<\/p>\n\n\n\n<p>La principal labor voluntaria del Comit\u00e9 de Salud con IMSS-Bienestar ser\u00e1 llevar a cabo actividades de promoci\u00f3n de la salud en coordinaci\u00f3n con los dem\u00e1s integrantes de la Organizaci\u00f3n Comunitaria. Esto incluir\u00e1 participaci\u00f3n en actividades comunitarias, jornadas nacionales de salud y otras campa\u00f1as destinadas a mejorar la calidad de vida y el bienestar de todos los habitantes de Minatitl\u00e1n.<\/p>\n\n\n\n<p><strong>#ElVeracruzanoVIP &#8211; <\/strong><a href=\"https:\/\/www.facebook.com\/ElVeracruzanoVIP\/\">El Veracruzano VIP<\/a><\/p>\n","protected":false},"excerpt":{"rendered":"<p>#Minatitl\u00e1n, #Ver.- Con el objetivo de fortalecer el sistema de salud, se constituy\u00f3 el Comit\u00e9 de Salud en Minatitl\u00e1n, en<\/p>\n","protected":false},"author":4,"featured_media":7555,"comment_status":"open","ping_status":"open","sticky":false,"template":"","format":"standard","meta":{"colormag_page_container_layout":"default_layout","colormag_page_sidebar_layout":"default_layout","rop_custom_images_group":[],"rop_custom_messages_group":[],"rop_publish_now":"yes","rop_publish_now_accounts":{"facebook_109133384920963_108472061465099":""},"rop_publish_now_history":[],"rop_publish_now_status":"pending","footnotes":""},"categories":[8],"tags":[80,20,39,19,21],"class_list":["post-7554","post","type-post","status-publish","format-standard","has-post-thumbnail","hentry","category-alcaldesas","tag-carmen-medel-palma","tag-enterate","tag-minatitlan","tag-redes-sociales","tag-ultima-hora"],"_links":{"self":[{"href":"https:\/\/elveracruzano.vip\/index.php?rest_route=\/wp\/v2\/posts\/7554","targetHints":{"allow":["GET"]}}],"collection":[{"href":"https:\/\/elveracruzano.vip\/index.php?rest_route=\/wp\/v2\/posts"}],"about":[{"href":"https:\/\/elveracruzano.vip\/index.php?rest_route=\/wp\/v2\/types\/post"}],"author":[{"embeddable":true,"href":"https:\/\/elveracruzano.vip\/index.php?rest_route=\/wp\/v2\/users\/4"}],"replies":[{"embeddable":true,"href":"https:\/\/elveracruzano.vip\/index.php?rest_route=%2Fwp%2Fv2%2Fcomments&post=7554"}],"version-history":[{"count":1,"href":"https:\/\/elveracruzano.vip\/index.php?rest_route=\/wp\/v2\/posts\/7554\/revisions"}],"predecessor-version":[{"id":7556,"href":"https:\/\/elveracruzano.vip\/index.php?rest_route=\/wp\/v2\/posts\/7554\/revisions\/7556"}],"wp:featuredmedia":[{"embeddable":true,"href":"https:\/\/elveracruzano.vip\/index.php?rest_route=\/wp\/v2\/media\/7555"}],"wp:attachment":[{"href":"https:\/\/elveracruzano.vip\/index.php?rest_route=%2Fwp%2Fv2%2Fmedia&parent=7554"}],"wp:term":[{"taxonomy":"category","embeddable":true,"href":"https:\/\/elveracruzano.vip\/index.php?rest_route=%2Fwp%2Fv2%2Fcategories&post=7554"},{"taxonomy":"post_tag","embeddable":true,"href":"https:\/\/elveracruzano.vip\/index.php?rest_route=%2Fwp%2Fv2%2Ftags&post=7554"}],"curies":[{"name":"wp","href":"https:\/\/api.w.org\/{rel}","templated":true}]}}