{"id":7550,"date":"2024-03-21T19:39:04","date_gmt":"2024-03-22T01:39:04","guid":{"rendered":"https:\/\/elveracruzano.vip\/?p=7550"},"modified":"2024-03-21T19:39:25","modified_gmt":"2024-03-22T01:39:25","slug":"ss-y-sesver-intensifican-acciones-durante-primera-jornada-nacional-de-lucha-contra-el-dengue-2024-cuitlahuacgj-gobiernover","status":"publish","type":"post","link":"https:\/\/elveracruzano.vip\/?p=7550","title":{"rendered":"SS y SESVER intensifican acciones durante Primera Jornada Nacional de Lucha contra el Dengue 2024 \/ @CuitlahuacGJ @GobiernoVer >>>"},"content":{"rendered":"\n<p><strong>#GobiernoDeVeracruz.- <\/strong>\u00a0Continuando con las actividades para el control del vector Aedes aegypti en el estado, la Secretar\u00eda de Salud y Servicios de Salud de Veracruz, intensifica las acciones de prevenci\u00f3n y promoci\u00f3n de medidas, durante la Primera Jornada Nacional de Lucha contra el Dengue 2024.<\/p>\n\n\n\n<p>Del 18 al 22 de marzo, en los municipios de P\u00e1nuco, Tuxpan, Poza Rica, Mart\u00ednez de la Torre, Teocelo, C\u00f3rdoba, R\u00edo Blanco, Veracruz, Cosamaloapan, San Andr\u00e9s Tuxtla y Coatzacoalcos, se dieron banderazos de inicio para dar fortalecer acciones de control y prevenci\u00f3n de Dengue, Zika y Chilungunya.<\/p>\n\n\n\n<p>A trav\u00e9s de las 11 Jurisdicciones Sanitarias del Estado, se coordinaron eliminaciones masivas de criaderos, junto con ayuntamientos y escuelas, disminuyendo la posibilidad de que se reproduzca el mosquito transmisor de Dengue.<\/p>\n\n\n\n<p>Con estas actividades las y los Veracruzanos suman esfuerzos en la estrategia, como parte de una responsabilidad comunitaria que genera protecci\u00f3n, contribuyendo al bienestar colectivo.<\/p>\n\n\n\n<p><strong>#ElVeracruzanoVIP &#8211; <\/strong><a href=\"https:\/\/www.facebook.com\/ElVeracruzanoVIP\/\">El Veracruzano VIP<\/a><\/p>\n","protected":false},"excerpt":{"rendered":"<p>#GobiernoDeVeracruz.- \u00a0Continuando con las actividades para el control del vector Aedes aegypti en el estado, la Secretar\u00eda de Salud y<\/p>\n","protected":false},"author":4,"featured_media":7551,"comment_status":"open","ping_status":"open","sticky":false,"template":"","format":"standard","meta":{"colormag_page_container_layout":"default_layout","colormag_page_sidebar_layout":"default_layout","rop_custom_images_group":[],"rop_custom_messages_group":[],"rop_publish_now":"initial","rop_publish_now_accounts":{"facebook_109133384920963_108472061465099":""},"rop_publish_now_history":[],"rop_publish_now_status":"pending","footnotes":""},"categories":[14],"tags":[20,18,19,21],"class_list":["post-7550","post","type-post","status-publish","format-standard","has-post-thumbnail","hentry","category-secretarias","tag-enterate","tag-gobierno-del-estado-de-veracruz","tag-redes-sociales","tag-ultima-hora"],"_links":{"self":[{"href":"https:\/\/elveracruzano.vip\/index.php?rest_route=\/wp\/v2\/posts\/7550","targetHints":{"allow":["GET"]}}],"collection":[{"href":"https:\/\/elveracruzano.vip\/index.php?rest_route=\/wp\/v2\/posts"}],"about":[{"href":"https:\/\/elveracruzano.vip\/index.php?rest_route=\/wp\/v2\/types\/post"}],"author":[{"embeddable":true,"href":"https:\/\/elveracruzano.vip\/index.php?rest_route=\/wp\/v2\/users\/4"}],"replies":[{"embeddable":true,"href":"https:\/\/elveracruzano.vip\/index.php?rest_route=%2Fwp%2Fv2%2Fcomments&post=7550"}],"version-history":[{"count":2,"href":"https:\/\/elveracruzano.vip\/index.php?rest_route=\/wp\/v2\/posts\/7550\/revisions"}],"predecessor-version":[{"id":7553,"href":"https:\/\/elveracruzano.vip\/index.php?rest_route=\/wp\/v2\/posts\/7550\/revisions\/7553"}],"wp:featuredmedia":[{"embeddable":true,"href":"https:\/\/elveracruzano.vip\/index.php?rest_route=\/wp\/v2\/media\/7551"}],"wp:attachment":[{"href":"https:\/\/elveracruzano.vip\/index.php?rest_route=%2Fwp%2Fv2%2Fmedia&parent=7550"}],"wp:term":[{"taxonomy":"category","embeddable":true,"href":"https:\/\/elveracruzano.vip\/index.php?rest_route=%2Fwp%2Fv2%2Fcategories&post=7550"},{"taxonomy":"post_tag","embeddable":true,"href":"https:\/\/elveracruzano.vip\/index.php?rest_route=%2Fwp%2Fv2%2Ftags&post=7550"}],"curies":[{"name":"wp","href":"https:\/\/api.w.org\/{rel}","templated":true}]}}