{"id":7454,"date":"2024-02-27T18:38:27","date_gmt":"2024-02-28T00:38:27","guid":{"rendered":"https:\/\/elveracruzano.vip\/?p=7454"},"modified":"2024-02-27T18:38:28","modified_gmt":"2024-02-28T00:38:28","slug":"se-suma-alcalde-de-boca-de-rio-a-la-colecta-nacional-2024-de-la-cruz-roja-mexicana-jm_unanue-_bocadelrio","status":"publish","type":"post","link":"https:\/\/elveracruzano.vip\/?p=7454","title":{"rendered":"Se suma alcalde de Boca de R\u00edo a la Colecta Nacional 2024 de la Cruz Roja Mexicana \/ @JM_UNANUE @_BocadelRio >>>"},"content":{"rendered":"\n<p><strong>#BocaDelR\u00edo, #Ver.-<\/strong> El alcalde de Boca del R\u00edo, Juan Manuel Un\u00e1nue Abascal, asisti\u00f3 al inicio de la Colecta Nacional 2024 de la Cruz Roja Mexicana Delegaci\u00f3n Veracruz, adem\u00e1s de entregar un donativo de 150 mil pesos a nombre del Gobierno Municipal.<\/p>\n\n\n\n<p>\u201cIndependientemente del donativo que realizamos, el compromiso como siempre es poner esas alcanc\u00edas en el Ayuntamiento de Boca del R\u00edo para que invitemos a todos los empleados municipales a hacer lo propio, y ayudarlos en el operativo que realicen en la ciudad para invitar al resto de las personas a que hagan lo mismo\u201d, dijo el ejecutivo municipal.<\/p>\n\n\n\n<p>Destac\u00f3 que como cada a\u00f1o la administraci\u00f3n boque\u00f1a se suma al esfuerzo de la Cruz Roja, por lo que felicit\u00f3 su esfuerzo y trabajo diario as\u00ed como a su Delegado Estatal; Oswaldo Ficachi Figueroa, a sus damas voluntarias, m\u00e9dicos, enfermer\u00eda, patronato, voluntarios, personal administrativo, entre otros.<\/p>\n\n\n\n<p>Un\u00e1nue Abascal coment\u00f3 que es importante que este organismo mantenga su presencia en la zona Conurbada Veracruz-Boca del R\u00edo, ya que atienden diversas emergencias, intervienen y ayudan a la poblaci\u00f3n que habita en esta importante zona de la entidad veracruzana.<\/p>\n\n\n\n<p>Por su parte, Oswaldo Ficachi Figueroa, expres\u00f3 que bajo el lema \u201cTodos somos h\u00e9roes\u201d, la colecta finalizar\u00e1 el 21 de mayo, por lo que invita a la ciudadan\u00eda a sumarse a este esfuerzo humanitario aportando un donativo que permitir\u00e1 continuar operando, as\u00ed como poder ampliar la capacidad de respuesta ante las emergencias y desastres.<\/p>\n\n\n\n<p>Adem\u00e1s, agradeci\u00f3 al alcalde Juan Manuel Un\u00e1nue Abascal por su donativo a nombre del Gobierno Municipal, as\u00ed como por su apoyo \u201cdel que siempre recibimos de ustedes\u201d.<\/p>\n\n\n\n<p>Finalmente, el edil boque\u00f1o invit\u00f3 a los ciudadanos a que en medida de sus posibilidades donen para que la Cruz Roja Mexicana contin\u00fae atendiendo cualquier tipo de emergencia en la zona conurbada.<\/p>\n\n\n\n<p><strong>#ElVeracruzanoVIP &#8211; <\/strong><a href=\"https:\/\/www.facebook.com\/ElVeracruzanoVIP\/\">El Veracruzano VIP<\/a><\/p>\n","protected":false},"excerpt":{"rendered":"<p>#BocaDelR\u00edo, #Ver.- El alcalde de Boca del R\u00edo, Juan Manuel Un\u00e1nue Abascal, asisti\u00f3 al inicio de la Colecta Nacional 2024<\/p>\n","protected":false},"author":4,"featured_media":7455,"comment_status":"open","ping_status":"open","sticky":false,"template":"","format":"standard","meta":{"colormag_page_container_layout":"default_layout","colormag_page_sidebar_layout":"default_layout","rop_custom_images_group":[],"rop_custom_messages_group":[],"rop_publish_now":"yes","rop_publish_now_accounts":{"facebook_109133384920963_108472061465099":"","twitter_1547302373592371202_1547302373592371202":""},"rop_publish_now_history":[],"rop_publish_now_status":"pending","footnotes":""},"categories":[11],"tags":[35,20,34,19,21],"class_list":["post-7454","post","type-post","status-publish","format-standard","has-post-thumbnail","hentry","category-municipios-destacados","tag-boca-del-rio","tag-enterate","tag-juan-manuel-unanue","tag-redes-sociales","tag-ultima-hora"],"_links":{"self":[{"href":"https:\/\/elveracruzano.vip\/index.php?rest_route=\/wp\/v2\/posts\/7454","targetHints":{"allow":["GET"]}}],"collection":[{"href":"https:\/\/elveracruzano.vip\/index.php?rest_route=\/wp\/v2\/posts"}],"about":[{"href":"https:\/\/elveracruzano.vip\/index.php?rest_route=\/wp\/v2\/types\/post"}],"author":[{"embeddable":true,"href":"https:\/\/elveracruzano.vip\/index.php?rest_route=\/wp\/v2\/users\/4"}],"replies":[{"embeddable":true,"href":"https:\/\/elveracruzano.vip\/index.php?rest_route=%2Fwp%2Fv2%2Fcomments&post=7454"}],"version-history":[{"count":1,"href":"https:\/\/elveracruzano.vip\/index.php?rest_route=\/wp\/v2\/posts\/7454\/revisions"}],"predecessor-version":[{"id":7456,"href":"https:\/\/elveracruzano.vip\/index.php?rest_route=\/wp\/v2\/posts\/7454\/revisions\/7456"}],"wp:featuredmedia":[{"embeddable":true,"href":"https:\/\/elveracruzano.vip\/index.php?rest_route=\/wp\/v2\/media\/7455"}],"wp:attachment":[{"href":"https:\/\/elveracruzano.vip\/index.php?rest_route=%2Fwp%2Fv2%2Fmedia&parent=7454"}],"wp:term":[{"taxonomy":"category","embeddable":true,"href":"https:\/\/elveracruzano.vip\/index.php?rest_route=%2Fwp%2Fv2%2Fcategories&post=7454"},{"taxonomy":"post_tag","embeddable":true,"href":"https:\/\/elveracruzano.vip\/index.php?rest_route=%2Fwp%2Fv2%2Ftags&post=7454"}],"curies":[{"name":"wp","href":"https:\/\/api.w.org\/{rel}","templated":true}]}}