{"id":7387,"date":"2024-02-08T18:50:41","date_gmt":"2024-02-09T00:50:41","guid":{"rendered":"https:\/\/elveracruzano.vip\/?p=7387"},"modified":"2024-02-08T18:50:43","modified_gmt":"2024-02-09T00:50:43","slug":"supervisa-alcalde-de-boca-del-rio-trabajos-finales-de-la-avenida-juan-pablo-segundo-jm_unanue-_bocadelrio","status":"publish","type":"post","link":"https:\/\/elveracruzano.vip\/?p=7387","title":{"rendered":"Supervisa alcalde de Boca del R\u00edo trabajos finales de la avenida Juan Pablo Segundo \/ @JM_UNANUE @_BocadelRio >>>"},"content":{"rendered":"\n<p class=\"wp-block-paragraph\"><strong>#BocaDelR\u00edo, #Ver.- <\/strong>El alcalde de Boca del R\u00edo, Juan Manuel Un\u00e1nue Abascal, supervis\u00f3 y recorri\u00f3 el avance de la rehabilitaci\u00f3n de la segunda y tercera etapa de la avenida Juan Pablo II, la cual beneficiar\u00e1 a habitantes de la zona y a miles de ciudadanos que diariamente la transitan.<\/p>\n\n\n\n<p class=\"wp-block-paragraph\">\u201cMe da gusto anunciarles que los carriles lado norte (Costa Verde a Espa\u00f1a) de la Avenida Juan Pablo II se abrir\u00e1n este fin de semana y que el gran avance que tenemos nos permitir\u00e1 terminar en 15 d\u00edas esta fase de la obra\u201d, inform\u00f3 el ejecutivo municipal.<\/p>\n\n\n\n<p class=\"wp-block-paragraph\">Adem\u00e1s destac\u00f3 que no solo es un beneficio para los ciudadanos a pie y automovilistas, sino tambi\u00e9n para el desarrollo econ\u00f3mico de la ciudad al contar con una vialidad nueva y duradera.<\/p>\n\n\n\n<p class=\"wp-block-paragraph\"><strong>#ElVeracruzanoVIP &#8211; <\/strong><a href=\"https:\/\/www.facebook.com\/ElVeracruzanoVIP\/\">El Veracruzano VIP<\/a><\/p>\n","protected":false},"excerpt":{"rendered":"<p>#BocaDelR\u00edo, #Ver.- El alcalde de Boca del R\u00edo, Juan Manuel Un\u00e1nue Abascal, supervis\u00f3 y recorri\u00f3 el avance de la rehabilitaci\u00f3n<\/p>\n","protected":false},"author":4,"featured_media":7388,"comment_status":"open","ping_status":"open","sticky":false,"template":"","format":"standard","meta":{"colormag_page_container_layout":"default_layout","colormag_page_sidebar_layout":"default_layout","rop_custom_images_group":[],"rop_custom_messages_group":[],"rop_publish_now":"initial","rop_publish_now_accounts":{"facebook_109133384920963_108472061465099":""},"rop_publish_now_history":[],"rop_publish_now_status":"pending","footnotes":""},"categories":[11],"tags":[35,20,34,19,21],"class_list":["post-7387","post","type-post","status-publish","format-standard","has-post-thumbnail","hentry","category-municipios-destacados","tag-boca-del-rio","tag-enterate","tag-juan-manuel-unanue","tag-redes-sociales","tag-ultima-hora"],"_links":{"self":[{"href":"https:\/\/elveracruzano.vip\/index.php?rest_route=\/wp\/v2\/posts\/7387","targetHints":{"allow":["GET"]}}],"collection":[{"href":"https:\/\/elveracruzano.vip\/index.php?rest_route=\/wp\/v2\/posts"}],"about":[{"href":"https:\/\/elveracruzano.vip\/index.php?rest_route=\/wp\/v2\/types\/post"}],"author":[{"embeddable":true,"href":"https:\/\/elveracruzano.vip\/index.php?rest_route=\/wp\/v2\/users\/4"}],"replies":[{"embeddable":true,"href":"https:\/\/elveracruzano.vip\/index.php?rest_route=%2Fwp%2Fv2%2Fcomments&post=7387"}],"version-history":[{"count":1,"href":"https:\/\/elveracruzano.vip\/index.php?rest_route=\/wp\/v2\/posts\/7387\/revisions"}],"predecessor-version":[{"id":7389,"href":"https:\/\/elveracruzano.vip\/index.php?rest_route=\/wp\/v2\/posts\/7387\/revisions\/7389"}],"wp:featuredmedia":[{"embeddable":true,"href":"https:\/\/elveracruzano.vip\/index.php?rest_route=\/wp\/v2\/media\/7388"}],"wp:attachment":[{"href":"https:\/\/elveracruzano.vip\/index.php?rest_route=%2Fwp%2Fv2%2Fmedia&parent=7387"}],"wp:term":[{"taxonomy":"category","embeddable":true,"href":"https:\/\/elveracruzano.vip\/index.php?rest_route=%2Fwp%2Fv2%2Fcategories&post=7387"},{"taxonomy":"post_tag","embeddable":true,"href":"https:\/\/elveracruzano.vip\/index.php?rest_route=%2Fwp%2Fv2%2Ftags&post=7387"}],"curies":[{"name":"wp","href":"https:\/\/api.w.org\/{rel}","templated":true}]}}