{"id":7360,"date":"2024-02-01T18:54:13","date_gmt":"2024-02-02T00:54:13","guid":{"rendered":"https:\/\/elveracruzano.vip\/?p=7360"},"modified":"2024-02-01T18:54:14","modified_gmt":"2024-02-02T00:54:14","slug":"arranca-campana-de-sensibilizacion-yo-si-respeto-coatzacoalcos-espacio-de-inclusion-cruzmalpica-coatzagob","status":"publish","type":"post","link":"https:\/\/elveracruzano.vip\/?p=7360","title":{"rendered":"Arranca campa\u00f1a de sensibilizaci\u00f3n \u201cYo s\u00ed respeto, Coatzacoalcos, Espacio de Inclusi\u00f3n\u201d \/ @CruzMalpica @coatzagob >>>"},"content":{"rendered":"\n<p><strong>#Coatzacoalcos, #Ver.- <\/strong>Con la finalidad de fomentar responsabilidad social en apoyo a quienes enfrentan limitaciones por alguna discapacidad y evitar la invasi\u00f3n de los lugares especiales en estacionamientos, calles y banquetas, inici\u00f3 la campa\u00f1a de sensibilizaci\u00f3n \u201cYo s\u00ed respeto, Coatzacoalcos, Espacio de Inclusi\u00f3n\u201d.<\/p>\n\n\n\n<p>El Gobierno Municipal que preside Amado Cruz Malpica, puso en marcha este programa de solidaridad, a trav\u00e9s de la Direcci\u00f3n de Gestor\u00eda para Personas con Discapacidad, en coordinaci\u00f3n con la Regidur\u00eda Octava; la Delegaci\u00f3n de Transporte P\u00fablico del Estado y la Delegaci\u00f3n de Tr\u00e1nsito y Vialidad.<\/p>\n\n\n\n<p>El director de la DGPED, Jos\u00e9 Juan R\u00edos Ram\u00edrez, acompa\u00f1ado de autoridades municipales y de vialidad, destac\u00f3 que se busca que Coatzacoalcos sea conocido como espacio de inclusi\u00f3n, de empat\u00eda con este sector vulnerable y de integraci\u00f3n con la sociedad, por lo que hizo un llamado para que eviten usar \u00e1reas inclusivas, adoptando una cultura de respeto con quienes lo necesitan.<\/p>\n\n\n\n<p>La regidora Octava, Silvia Patricia Hong Hern\u00e1ndez, reconoci\u00f3 la disposici\u00f3n, entrega y empat\u00eda de la DGPED, al impulsar mejores condiciones de servicio para quienes requieren por su condici\u00f3n f\u00edsica o intelectual, de un trato diferenciado que contribuya a una mejor calidad de vida y al bienestar integral de este importante sector de la poblaci\u00f3n.<\/p>\n\n\n\n<p>\u201cMe da gusto participar en esta campa\u00f1a que encabeza nuestro presidente Amado Cruz quien ha priorizado durante su gesti\u00f3n la inclusi\u00f3n y el respeto por las personas con discapacidad y quien, preocupado por la movilidad de ese sector, hoy impulsa esta campa\u00f1a en busca de fomentar el respeto a los espacios p\u00fablicos destinados al uso de personas con movilidad limitada\u201d, dijo.<\/p>\n\n\n\n<p><strong>#ElVeracruzanoVIP &#8211; <\/strong><a href=\"https:\/\/www.facebook.com\/ElVeracruzanoVIP\/\">El Veracruzano VIP<\/a><\/p>\n","protected":false},"excerpt":{"rendered":"<p>#Coatzacoalcos, #Ver.- Con la finalidad de fomentar responsabilidad social en apoyo a quienes enfrentan limitaciones por alguna discapacidad y evitar<\/p>\n","protected":false},"author":4,"featured_media":7361,"comment_status":"open","ping_status":"open","sticky":false,"template":"","format":"standard","meta":{"colormag_page_container_layout":"default_layout","colormag_page_sidebar_layout":"default_layout","rop_custom_images_group":[],"rop_custom_messages_group":[],"rop_publish_now":"initial","rop_publish_now_accounts":{"facebook_109133384920963_108472061465099":""},"rop_publish_now_history":[],"rop_publish_now_status":"pending","footnotes":""},"categories":[10],"tags":[78,37,20,19,21],"class_list":["post-7360","post","type-post","status-publish","format-standard","has-post-thumbnail","hentry","category-municipios","tag-amado-cruz-malpica","tag-coatzacoalcos","tag-enterate","tag-redes-sociales","tag-ultima-hora"],"_links":{"self":[{"href":"https:\/\/elveracruzano.vip\/index.php?rest_route=\/wp\/v2\/posts\/7360","targetHints":{"allow":["GET"]}}],"collection":[{"href":"https:\/\/elveracruzano.vip\/index.php?rest_route=\/wp\/v2\/posts"}],"about":[{"href":"https:\/\/elveracruzano.vip\/index.php?rest_route=\/wp\/v2\/types\/post"}],"author":[{"embeddable":true,"href":"https:\/\/elveracruzano.vip\/index.php?rest_route=\/wp\/v2\/users\/4"}],"replies":[{"embeddable":true,"href":"https:\/\/elveracruzano.vip\/index.php?rest_route=%2Fwp%2Fv2%2Fcomments&post=7360"}],"version-history":[{"count":1,"href":"https:\/\/elveracruzano.vip\/index.php?rest_route=\/wp\/v2\/posts\/7360\/revisions"}],"predecessor-version":[{"id":7362,"href":"https:\/\/elveracruzano.vip\/index.php?rest_route=\/wp\/v2\/posts\/7360\/revisions\/7362"}],"wp:featuredmedia":[{"embeddable":true,"href":"https:\/\/elveracruzano.vip\/index.php?rest_route=\/wp\/v2\/media\/7361"}],"wp:attachment":[{"href":"https:\/\/elveracruzano.vip\/index.php?rest_route=%2Fwp%2Fv2%2Fmedia&parent=7360"}],"wp:term":[{"taxonomy":"category","embeddable":true,"href":"https:\/\/elveracruzano.vip\/index.php?rest_route=%2Fwp%2Fv2%2Fcategories&post=7360"},{"taxonomy":"post_tag","embeddable":true,"href":"https:\/\/elveracruzano.vip\/index.php?rest_route=%2Fwp%2Fv2%2Ftags&post=7360"}],"curies":[{"name":"wp","href":"https:\/\/api.w.org\/{rel}","templated":true}]}}