{"id":735,"date":"2022-01-22T16:23:00","date_gmt":"2022-01-22T22:23:00","guid":{"rendered":"http:\/\/elveracruzano.vip\/?p=735"},"modified":"2022-01-22T12:31:49","modified_gmt":"2022-01-22T18:31:49","slug":"recibe-gobierno-de-veracruz-900000-vacunas-para-la-etapa-de-refuerzo-contra-4ta-ola-de-covid-19","status":"publish","type":"post","link":"https:\/\/elveracruzano.vip\/?p=735","title":{"rendered":"Recibe gobierno de Veracruz, 900,000 vacunas para la etapa de refuerzo contra 4ta ola de Covid-19"},"content":{"rendered":"\n<p><strong>#GobiernoDeVeracruz<\/strong>.- Est\u00e1 comprobado que en esta cuarta ola de COVID-19, se puede enfrentar la enfermedad en mejores condiciones de salud cuando se est\u00e1 vacunado. Por medio de sus p\u00e1ginas oficiales, el gobierno estatal estar\u00e1 dando a conocer los lugares de vacunaci\u00f3n y las siguientes edades para su vacuna de refuerzo.<\/p>\n\n\n\n<div class=\"wp-block-image\"><figure class=\"aligncenter size-full is-resized\"><img loading=\"lazy\" decoding=\"async\" src=\"http:\/\/elveracruzano.vip\/wp-content\/uploads\/2022\/01\/ultiv-7.jpg\" alt=\"\" class=\"wp-image-736\" width=\"453\" height=\"300\"\/><\/figure><\/div>\n\n\n\n<p><strong>#ElVeracruzanoVip<\/strong><\/p>\n","protected":false},"excerpt":{"rendered":"<p>#GobiernoDeVeracruz.- Est\u00e1 comprobado que en esta cuarta ola de COVID-19, se puede enfrentar la enfermedad en mejores condiciones de salud<\/p>\n","protected":false},"author":4,"featured_media":0,"comment_status":"open","ping_status":"open","sticky":false,"template":"","format":"standard","meta":{"colormag_page_container_layout":"default_layout","colormag_page_sidebar_layout":"default_layout","rop_custom_images_group":[],"rop_custom_messages_group":[],"rop_publish_now":"initial","rop_publish_now_accounts":{"facebook_109133384920963_108472061465099":""},"rop_publish_now_history":[],"rop_publish_now_status":"pending","footnotes":""},"categories":[16],"tags":[17,26,20,18,19,21,23,22],"class_list":["post-735","post","type-post","status-publish","format-standard","hentry","category-ultima-hora","tag-cuitlahuac-garcia-jimenez","tag-el-veracruzano-vip","tag-enterate","tag-gobierno-del-estado-de-veracruz","tag-redes-sociales","tag-ultima-hora","tag-ultimas-noticias","tag-ultimo-minuto"],"_links":{"self":[{"href":"https:\/\/elveracruzano.vip\/index.php?rest_route=\/wp\/v2\/posts\/735","targetHints":{"allow":["GET"]}}],"collection":[{"href":"https:\/\/elveracruzano.vip\/index.php?rest_route=\/wp\/v2\/posts"}],"about":[{"href":"https:\/\/elveracruzano.vip\/index.php?rest_route=\/wp\/v2\/types\/post"}],"author":[{"embeddable":true,"href":"https:\/\/elveracruzano.vip\/index.php?rest_route=\/wp\/v2\/users\/4"}],"replies":[{"embeddable":true,"href":"https:\/\/elveracruzano.vip\/index.php?rest_route=%2Fwp%2Fv2%2Fcomments&post=735"}],"version-history":[{"count":1,"href":"https:\/\/elveracruzano.vip\/index.php?rest_route=\/wp\/v2\/posts\/735\/revisions"}],"predecessor-version":[{"id":738,"href":"https:\/\/elveracruzano.vip\/index.php?rest_route=\/wp\/v2\/posts\/735\/revisions\/738"}],"wp:attachment":[{"href":"https:\/\/elveracruzano.vip\/index.php?rest_route=%2Fwp%2Fv2%2Fmedia&parent=735"}],"wp:term":[{"taxonomy":"category","embeddable":true,"href":"https:\/\/elveracruzano.vip\/index.php?rest_route=%2Fwp%2Fv2%2Fcategories&post=735"},{"taxonomy":"post_tag","embeddable":true,"href":"https:\/\/elveracruzano.vip\/index.php?rest_route=%2Fwp%2Fv2%2Ftags&post=735"}],"curies":[{"name":"wp","href":"https:\/\/api.w.org\/{rel}","templated":true}]}}