{"id":7317,"date":"2024-01-23T20:13:55","date_gmt":"2024-01-24T02:13:55","guid":{"rendered":"https:\/\/elveracruzano.vip\/?p=7317"},"modified":"2024-01-23T20:13:55","modified_gmt":"2024-01-24T02:13:55","slug":"conformara-ssp-celulas-de-busqueda-de-personas-desaparecidas-cuitlahuacgj-gobiernover","status":"publish","type":"post","link":"https:\/\/elveracruzano.vip\/?p=7317","title":{"rendered":"Conformar\u00e1 SSP c\u00e9lulas de b\u00fasqueda de personas desaparecidas \/ @CuitlahuacGJ @GobiernoVer >>>"},"content":{"rendered":"\n<p class=\"wp-block-paragraph\"><strong>#GobiernoDeVeracruz.-<\/strong> Derivado de lo dispuesto en las leyes general y estatal en materia de Desaparici\u00f3n de Personas, la Secretar\u00eda de Seguridad P\u00fablica (SSP) instruye en primera instancia a 50 elementos de las 23 delegaciones de Polic\u00eda Estatal y Fuerza Civil, a fin de crear c\u00e9lulas de b\u00fasqueda de personas desaparecidas.<\/p>\n\n\n\n<p class=\"wp-block-paragraph\">El curso consta de 40 horas de estudio a diversos protocolos de Actuaci\u00f3n Policial, como el de auxilio a las diligencias de b\u00fasqueda y de atenci\u00f3n a casos de violencia contra las mujeres, personas migrantes y con discapacidad en calidad de v\u00edctimas o detenidas.<\/p>\n\n\n\n<p class=\"wp-block-paragraph\">Tambi\u00e9n lo relativo a la Ruta de Atenci\u00f3n para individuos no localizados, redacci\u00f3n del Informe Policial Homologado, Derechos Humanos y violaciones a los mismos, Lengua de Se\u00f1as Mexicana y lectoescritura braille, Sistema de Protecci\u00f3n Integral de ni\u00f1as, ni\u00f1os y adolescentes, R\u00e9gimen Disciplinario y Ley General del Uso de la Fuerza.<\/p>\n\n\n\n<p class=\"wp-block-paragraph\">Dichas c\u00e9lulas brindar\u00e1n atenci\u00f3n a colectivos y grupos de b\u00fasqueda, garantizando la protecci\u00f3n de sus derechos y en apoyo a las dem\u00e1s autoridades involucradas; la meta es que todo el personal operativo cuente con esta preparaci\u00f3n.<\/p>\n\n\n\n<p class=\"wp-block-paragraph\"><strong>#ElVeracruzanoVIP &#8211; <\/strong><a href=\"https:\/\/www.facebook.com\/ElVeracruzanoVIP\/\">El Veracruzano VIP<\/a><\/p>\n","protected":false},"excerpt":{"rendered":"<p>#GobiernoDeVeracruz.- Derivado de lo dispuesto en las leyes general y estatal en materia de Desaparici\u00f3n de Personas, la Secretar\u00eda de<\/p>\n","protected":false},"author":4,"featured_media":7318,"comment_status":"open","ping_status":"open","sticky":false,"template":"","format":"standard","meta":{"colormag_page_container_layout":"default_layout","colormag_page_sidebar_layout":"default_layout","rop_custom_images_group":[],"rop_custom_messages_group":[],"rop_publish_now":"initial","rop_publish_now_accounts":{"facebook_109133384920963_108472061465099":""},"rop_publish_now_history":[],"rop_publish_now_status":"pending","footnotes":""},"categories":[14],"tags":[17,20,18,19,21],"class_list":["post-7317","post","type-post","status-publish","format-standard","has-post-thumbnail","hentry","category-secretarias","tag-cuitlahuac-garcia-jimenez","tag-enterate","tag-gobierno-del-estado-de-veracruz","tag-redes-sociales","tag-ultima-hora"],"_links":{"self":[{"href":"https:\/\/elveracruzano.vip\/index.php?rest_route=\/wp\/v2\/posts\/7317","targetHints":{"allow":["GET"]}}],"collection":[{"href":"https:\/\/elveracruzano.vip\/index.php?rest_route=\/wp\/v2\/posts"}],"about":[{"href":"https:\/\/elveracruzano.vip\/index.php?rest_route=\/wp\/v2\/types\/post"}],"author":[{"embeddable":true,"href":"https:\/\/elveracruzano.vip\/index.php?rest_route=\/wp\/v2\/users\/4"}],"replies":[{"embeddable":true,"href":"https:\/\/elveracruzano.vip\/index.php?rest_route=%2Fwp%2Fv2%2Fcomments&post=7317"}],"version-history":[{"count":1,"href":"https:\/\/elveracruzano.vip\/index.php?rest_route=\/wp\/v2\/posts\/7317\/revisions"}],"predecessor-version":[{"id":7319,"href":"https:\/\/elveracruzano.vip\/index.php?rest_route=\/wp\/v2\/posts\/7317\/revisions\/7319"}],"wp:featuredmedia":[{"embeddable":true,"href":"https:\/\/elveracruzano.vip\/index.php?rest_route=\/wp\/v2\/media\/7318"}],"wp:attachment":[{"href":"https:\/\/elveracruzano.vip\/index.php?rest_route=%2Fwp%2Fv2%2Fmedia&parent=7317"}],"wp:term":[{"taxonomy":"category","embeddable":true,"href":"https:\/\/elveracruzano.vip\/index.php?rest_route=%2Fwp%2Fv2%2Fcategories&post=7317"},{"taxonomy":"post_tag","embeddable":true,"href":"https:\/\/elveracruzano.vip\/index.php?rest_route=%2Fwp%2Fv2%2Ftags&post=7317"}],"curies":[{"name":"wp","href":"https:\/\/api.w.org\/{rel}","templated":true}]}}