{"id":7295,"date":"2024-01-16T19:47:08","date_gmt":"2024-01-17T01:47:08","guid":{"rendered":"https:\/\/elveracruzano.vip\/?p=7295"},"modified":"2024-01-16T19:47:09","modified_gmt":"2024-01-17T01:47:09","slug":"gobierno-de-minatitlan-continua-mejorando-los-servicios-basicos-dramedelpalma-gobminatitlan","status":"publish","type":"post","link":"https:\/\/elveracruzano.vip\/?p=7295","title":{"rendered":"Gobierno de Minatitl\u00e1n contin\u00faa mejorando los servicios b\u00e1sicos \/ @DraMedelPalma @gobminatitlan >>>"},"content":{"rendered":"\n<p class=\"wp-block-paragraph\"><strong>#Minatitl\u00e1n, #Ver.-<\/strong> La alcaldesa de Minatitl\u00e1n, doctora Carmen Medel Palma, ha reafirmado su compromiso con la mejora de los servicios b\u00e1sicos para la ciudadan\u00eda, priorizando en esta ocasi\u00f3n la reparaci\u00f3n de varios puntos cr\u00edticos en la red de drenaje de la ciudad.<\/p>\n\n\n\n<p class=\"wp-block-paragraph\">En esta ocasi\u00f3n, el personal de la Direcci\u00f3n General de Agua Potable y Alcantarillado (DGAPA) se encuentra realizando labores de reparaci\u00f3n de 18 <a><\/a>metros lineales de la l\u00ednea de drenaje sanitario de 8 pulgadas en la calle Managua entre Roma y Lisboa, ubicada en la colonia Nueva Mina.<\/p>\n\n\n\n<p class=\"wp-block-paragraph\">Estas acciones forman parte del compromiso continuo de la administraci\u00f3n por transformar Minatitl\u00e1n con m\u00e1s y mejores servicios. La inversi\u00f3n en infraestructura b\u00e1sica es crucial para el bienestar y desarrollo de la ciudad. Por ello, se pide la comprensi\u00f3n y colaboraci\u00f3n de los vecinos durante estas labores, las cuales tienen como objetivo brindar un servicio eficiente y de calidad para todos.<\/p>\n\n\n\n<p class=\"wp-block-paragraph\"><strong>#ElVeracruzanoVIP &#8211; <\/strong><a href=\"https:\/\/www.facebook.com\/ElVeracruzanoVIP\/\">El Veracruzano VIP<\/a><\/p>\n","protected":false},"excerpt":{"rendered":"<p>#Minatitl\u00e1n, #Ver.- La alcaldesa de Minatitl\u00e1n, doctora Carmen Medel Palma, ha reafirmado su compromiso con la mejora de los servicios<\/p>\n","protected":false},"author":4,"featured_media":7296,"comment_status":"open","ping_status":"open","sticky":false,"template":"","format":"standard","meta":{"colormag_page_container_layout":"default_layout","colormag_page_sidebar_layout":"default_layout","rop_custom_images_group":[],"rop_custom_messages_group":[],"rop_publish_now":"initial","rop_publish_now_accounts":{"facebook_109133384920963_108472061465099":""},"rop_publish_now_history":[],"rop_publish_now_status":"pending","footnotes":""},"categories":[8],"tags":[80,20,39,19,21],"class_list":["post-7295","post","type-post","status-publish","format-standard","has-post-thumbnail","hentry","category-alcaldesas","tag-carmen-medel-palma","tag-enterate","tag-minatitlan","tag-redes-sociales","tag-ultima-hora"],"_links":{"self":[{"href":"https:\/\/elveracruzano.vip\/index.php?rest_route=\/wp\/v2\/posts\/7295","targetHints":{"allow":["GET"]}}],"collection":[{"href":"https:\/\/elveracruzano.vip\/index.php?rest_route=\/wp\/v2\/posts"}],"about":[{"href":"https:\/\/elveracruzano.vip\/index.php?rest_route=\/wp\/v2\/types\/post"}],"author":[{"embeddable":true,"href":"https:\/\/elveracruzano.vip\/index.php?rest_route=\/wp\/v2\/users\/4"}],"replies":[{"embeddable":true,"href":"https:\/\/elveracruzano.vip\/index.php?rest_route=%2Fwp%2Fv2%2Fcomments&post=7295"}],"version-history":[{"count":1,"href":"https:\/\/elveracruzano.vip\/index.php?rest_route=\/wp\/v2\/posts\/7295\/revisions"}],"predecessor-version":[{"id":7297,"href":"https:\/\/elveracruzano.vip\/index.php?rest_route=\/wp\/v2\/posts\/7295\/revisions\/7297"}],"wp:featuredmedia":[{"embeddable":true,"href":"https:\/\/elveracruzano.vip\/index.php?rest_route=\/wp\/v2\/media\/7296"}],"wp:attachment":[{"href":"https:\/\/elveracruzano.vip\/index.php?rest_route=%2Fwp%2Fv2%2Fmedia&parent=7295"}],"wp:term":[{"taxonomy":"category","embeddable":true,"href":"https:\/\/elveracruzano.vip\/index.php?rest_route=%2Fwp%2Fv2%2Fcategories&post=7295"},{"taxonomy":"post_tag","embeddable":true,"href":"https:\/\/elveracruzano.vip\/index.php?rest_route=%2Fwp%2Fv2%2Ftags&post=7295"}],"curies":[{"name":"wp","href":"https:\/\/api.w.org\/{rel}","templated":true}]}}