{"id":7220,"date":"2023-12-10T19:09:00","date_gmt":"2023-12-11T01:09:00","guid":{"rendered":"https:\/\/elveracruzano.vip\/?p=7220"},"modified":"2024-01-04T20:13:06","modified_gmt":"2024-01-05T02:13:06","slug":"clausura-carmen-medel-curso-de-aluminieria-basica-en-minatitlan-dramedelpalma-gobminatitlan","status":"publish","type":"post","link":"https:\/\/elveracruzano.vip\/?p=7220","title":{"rendered":"Clausura Carmen Medel curso de aluminier\u00eda b\u00e1sica en Minatitl\u00e1n \/ @DraMedelPalma @gobminatitlan >>>"},"content":{"rendered":"\n<p><strong>#Minatitl\u00e1n, #Ver.- <\/strong>La presidenta municipal de Minatitl\u00e1n, Dra. Carmen Medel , con mucho orgullo dio por clausurado el curso de aluminier\u00eda b\u00e1sica que se imparti\u00f3 durante tres meses, dirigido a j\u00f3venes del municipio.<\/p>\n\n\n\n<p>Medel Palma reconoci\u00f3 la relevancia de estos talleres para brindar a los j\u00f3venes una fuente adicional de ingresos, as\u00ed como conocimientos extracurriculares que les ser\u00e1n \u00fatiles en su desarrollo <a><\/a>personal y profesional. Asimismo, agradeci\u00f3 el apoyo del maestro Alfonso Alor Melendez, encargado de impartir las clases.<\/p>\n\n\n\n<p>Al mismo tiempo, la doctora Medel Palma hizo extensivas las felicitaciones navide\u00f1as a todos los presentes, dese\u00e1ndoles que el pr\u00f3ximo a\u00f1o contin\u00faen super\u00e1ndose profesionalmente.<\/p>\n\n\n\n<p>Este taller fue coordinado por la jefatura de Impulso a la Juventud, a cargo de Jos\u00e9 Alfredo Jim\u00e9nez Escudero, quien destac\u00f3 la participaci\u00f3n activa y el entusiasmo demostrado por los j\u00f3venes que culminaron todas las clases.<\/p>\n\n\n\n<p>Durante el evento de clausura, la doctora entreg\u00f3 diplomas a los participantes, adem\u00e1s se llev\u00f3 a cabo una rifa de una puerta y ventana elaborada por los propios alumnos. En el acto estuvieron presentes Yanalit Toral Cazarin, coordinadora de juventud, y la regidora quinta Naomi Edith G\u00f3mez Santos, quienes han respaldado dichas actividades a favor de la juventud en Minatitl\u00e1n.<\/p>\n\n\n\n<p><strong>#ElVeracruzanoVIP &#8211; <\/strong><a href=\"https:\/\/www.facebook.com\/ElVeracruzanoVIP\/\">El Veracruzano VIP<\/a><\/p>\n","protected":false},"excerpt":{"rendered":"<p>#Minatitl\u00e1n, #Ver.- La presidenta municipal de Minatitl\u00e1n, Dra. Carmen Medel , con mucho orgullo dio por clausurado el curso de<\/p>\n","protected":false},"author":4,"featured_media":7221,"comment_status":"open","ping_status":"open","sticky":false,"template":"","format":"standard","meta":{"colormag_page_container_layout":"default_layout","colormag_page_sidebar_layout":"default_layout","rop_custom_images_group":[],"rop_custom_messages_group":[],"rop_publish_now":"initial","rop_publish_now_accounts":{"facebook_109133384920963_108472061465099":""},"rop_publish_now_history":[],"rop_publish_now_status":"pending","footnotes":""},"categories":[8],"tags":[80,20,39,19,21],"class_list":["post-7220","post","type-post","status-publish","format-standard","has-post-thumbnail","hentry","category-alcaldesas","tag-carmen-medel-palma","tag-enterate","tag-minatitlan","tag-redes-sociales","tag-ultima-hora"],"_links":{"self":[{"href":"https:\/\/elveracruzano.vip\/index.php?rest_route=\/wp\/v2\/posts\/7220","targetHints":{"allow":["GET"]}}],"collection":[{"href":"https:\/\/elveracruzano.vip\/index.php?rest_route=\/wp\/v2\/posts"}],"about":[{"href":"https:\/\/elveracruzano.vip\/index.php?rest_route=\/wp\/v2\/types\/post"}],"author":[{"embeddable":true,"href":"https:\/\/elveracruzano.vip\/index.php?rest_route=\/wp\/v2\/users\/4"}],"replies":[{"embeddable":true,"href":"https:\/\/elveracruzano.vip\/index.php?rest_route=%2Fwp%2Fv2%2Fcomments&post=7220"}],"version-history":[{"count":1,"href":"https:\/\/elveracruzano.vip\/index.php?rest_route=\/wp\/v2\/posts\/7220\/revisions"}],"predecessor-version":[{"id":7222,"href":"https:\/\/elveracruzano.vip\/index.php?rest_route=\/wp\/v2\/posts\/7220\/revisions\/7222"}],"wp:featuredmedia":[{"embeddable":true,"href":"https:\/\/elveracruzano.vip\/index.php?rest_route=\/wp\/v2\/media\/7221"}],"wp:attachment":[{"href":"https:\/\/elveracruzano.vip\/index.php?rest_route=%2Fwp%2Fv2%2Fmedia&parent=7220"}],"wp:term":[{"taxonomy":"category","embeddable":true,"href":"https:\/\/elveracruzano.vip\/index.php?rest_route=%2Fwp%2Fv2%2Fcategories&post=7220"},{"taxonomy":"post_tag","embeddable":true,"href":"https:\/\/elveracruzano.vip\/index.php?rest_route=%2Fwp%2Fv2%2Ftags&post=7220"}],"curies":[{"name":"wp","href":"https:\/\/api.w.org\/{rel}","templated":true}]}}