{"id":7203,"date":"2023-12-26T18:52:05","date_gmt":"2023-12-27T00:52:05","guid":{"rendered":"https:\/\/elveracruzano.vip\/?p=7203"},"modified":"2023-12-26T18:52:06","modified_gmt":"2023-12-27T00:52:06","slug":"en-tijuana-baja-california-concluyen-cursos-y-talleres-otono-invierno-2023-en-el-imac-montserrat4t-gobtijuanamx","status":"publish","type":"post","link":"https:\/\/elveracruzano.vip\/?p=7203","title":{"rendered":"En Tijuana, Baja California, concluyen cursos y talleres \u00abOto\u00f1o-Invierno 2023\u00bb en el IMAC \/ @Montserrat4T @gobtijuanamx >>>"},"content":{"rendered":"\n<p><strong>#Tijuana, #B.C.-<\/strong>&nbsp;En un ambiente totalmente familiar, se realiz\u00f3 la ceremonia de clausura de los cursos y talleres del periodo \u00abOto\u00f1o-Invierno\u00bb de las Casas de Cultura Tijuana, Playas, San Antonio de los Buenos y \u00abEl P\u00edpila\u00bb que pertenecen al Instituto Municipal de Arte y Cultura (IMAC).<\/p>\n\n\n\n<p>Ni\u00f1as, ni\u00f1os y adolescentes participaron en los distintos talleres, cuya intenci\u00f3n es despertar en ellos la vocaci\u00f3n y el gusto por el arte en sus diferentes formas de expresi\u00f3n.<\/p>\n\n\n\n<p>La alcaldesa Montserrat Caballero Ram\u00edrez, por medio de la Secretar\u00eda de Bienestar Tijuana, impulsa acciones que buscan fortalecer la formaci\u00f3n est\u00e9tica y creadora de los j\u00f3venes tijuanenses.<\/p>\n\n\n\n<p>El director del IMAC, Jes\u00fas Emmanuel Villalba Le\u00f3n, destac\u00f3 que en los talleres que brinda esta instituci\u00f3n, se involucran ciudadanos de todas las edades, ya que hay capacitaciones para la ni\u00f1ez, juventud y adultos mayores.<\/p>\n\n\n\n<p>El funcionario coment\u00f3 que en las actividades reci\u00e9n concluidas se inscribieron un total 986 estudiantes de diferentes programas, quienes cursaron alguna de las opciones que ofreci\u00f3 esta dependencia durante el ciclo \u00abOto\u00f1o-Invierno 2023\u00bb como pintura, m\u00fasica, teatro, ballet, danza folcl\u00f3rica y otras disciplinas.<\/p>\n\n\n\n<p>Cabe mencionar que en la Casa de Cultura de Playas de Tijuana, aument\u00f3 el n\u00famero de matr\u00edcula en comparaci\u00f3n con el a\u00f1o pasado de 392 a 500 alumnos. En la Casa de Cultura de San Antonio de los Buenos se registraron 313 estudiantes; 173 en el recinto de \u00abEl P\u00edpila\u00bb y 960 en la Casa de Cultura Tijuana, lo que suma un total de mil 946 usuarios.<\/p>\n\n\n\n<p><strong>#ElVeracruzanoVIP &#8211; <\/strong><a href=\"https:\/\/www.facebook.com\/ElVeracruzanoVIP\/\">El Veracruzano VIP<\/a><\/p>\n","protected":false},"excerpt":{"rendered":"<p>#Tijuana, #B.C.-&nbsp;En un ambiente totalmente familiar, se realiz\u00f3 la ceremonia de clausura de los cursos y talleres del periodo \u00abOto\u00f1o-Invierno\u00bb<\/p>\n","protected":false},"author":4,"featured_media":7204,"comment_status":"open","ping_status":"open","sticky":false,"template":"","format":"standard","meta":{"colormag_page_container_layout":"default_layout","colormag_page_sidebar_layout":"default_layout","rop_custom_images_group":[],"rop_custom_messages_group":[],"rop_publish_now":"initial","rop_publish_now_accounts":{"facebook_109133384920963_108472061465099":""},"rop_publish_now_history":[],"rop_publish_now_status":"pending","footnotes":""},"categories":[12],"tags":[68,20,95,19,21],"class_list":["post-7203","post","type-post","status-publish","format-standard","has-post-thumbnail","hentry","category-municipios-en-mexico","tag-ayuntamiento-de-tijuana","tag-enterate","tag-montserrat-caballero-ramirez","tag-redes-sociales","tag-ultima-hora"],"_links":{"self":[{"href":"https:\/\/elveracruzano.vip\/index.php?rest_route=\/wp\/v2\/posts\/7203","targetHints":{"allow":["GET"]}}],"collection":[{"href":"https:\/\/elveracruzano.vip\/index.php?rest_route=\/wp\/v2\/posts"}],"about":[{"href":"https:\/\/elveracruzano.vip\/index.php?rest_route=\/wp\/v2\/types\/post"}],"author":[{"embeddable":true,"href":"https:\/\/elveracruzano.vip\/index.php?rest_route=\/wp\/v2\/users\/4"}],"replies":[{"embeddable":true,"href":"https:\/\/elveracruzano.vip\/index.php?rest_route=%2Fwp%2Fv2%2Fcomments&post=7203"}],"version-history":[{"count":1,"href":"https:\/\/elveracruzano.vip\/index.php?rest_route=\/wp\/v2\/posts\/7203\/revisions"}],"predecessor-version":[{"id":7205,"href":"https:\/\/elveracruzano.vip\/index.php?rest_route=\/wp\/v2\/posts\/7203\/revisions\/7205"}],"wp:featuredmedia":[{"embeddable":true,"href":"https:\/\/elveracruzano.vip\/index.php?rest_route=\/wp\/v2\/media\/7204"}],"wp:attachment":[{"href":"https:\/\/elveracruzano.vip\/index.php?rest_route=%2Fwp%2Fv2%2Fmedia&parent=7203"}],"wp:term":[{"taxonomy":"category","embeddable":true,"href":"https:\/\/elveracruzano.vip\/index.php?rest_route=%2Fwp%2Fv2%2Fcategories&post=7203"},{"taxonomy":"post_tag","embeddable":true,"href":"https:\/\/elveracruzano.vip\/index.php?rest_route=%2Fwp%2Fv2%2Ftags&post=7203"}],"curies":[{"name":"wp","href":"https:\/\/api.w.org\/{rel}","templated":true}]}}