{"id":7176,"date":"2023-12-19T20:30:54","date_gmt":"2023-12-20T02:30:54","guid":{"rendered":"https:\/\/elveracruzano.vip\/?p=7176"},"modified":"2023-12-19T20:30:55","modified_gmt":"2023-12-20T02:30:55","slug":"se-llevo-a-cabo-la-decima-edicion-del-festival-folklorico-internacional-inspirarte-de-veracruz-mexico-fiv-en-coatepec-raymundoandradr-gobcoatepec","status":"publish","type":"post","link":"https:\/\/elveracruzano.vip\/?p=7176","title":{"rendered":"Se llev\u00f3 a cabo la D\u00e9cima Edici\u00f3n del Festival Folkl\u00f3rico Internacional InspirArte de Veracruz M\u00e9xico FIV en Coatepec \/ @RaymundoAndradR @GobCoatepec >>>"},"content":{"rendered":"\n<p><strong>#Coatepec, #Ver.-<\/strong> Coatepec vibr\u00f3 con alegr\u00eda, folklore y m\u00fasica durante la D\u00e9cima Edici\u00f3n del Festival Folkl\u00f3rico Internacional InspirArte de Veracruz M\u00e9xico FIV, en donde artistas de Colombia, Costa Rica, Cuba, Hait\u00ed, Paraguay, India y M\u00e9xico compartieron sus talentos.<\/p>\n\n\n\n<figure class=\"wp-block-image aligncenter size-large is-resized\"><img loading=\"lazy\" decoding=\"async\" width=\"1024\" height=\"683\" src=\"https:\/\/elveracruzano.vip\/wp-content\/uploads\/2023\/12\/image-3-1024x683.png\" alt=\"\" class=\"wp-image-7177\" style=\"width:467px;height:auto\" srcset=\"https:\/\/elveracruzano.vip\/wp-content\/uploads\/2023\/12\/image-3-1024x683.png 1024w, https:\/\/elveracruzano.vip\/wp-content\/uploads\/2023\/12\/image-3-300x200.png 300w, https:\/\/elveracruzano.vip\/wp-content\/uploads\/2023\/12\/image-3-768x512.png 768w, https:\/\/elveracruzano.vip\/wp-content\/uploads\/2023\/12\/image-3-1536x1024.png 1536w, https:\/\/elveracruzano.vip\/wp-content\/uploads\/2023\/12\/image-3-600x400.png 600w, https:\/\/elveracruzano.vip\/wp-content\/uploads\/2023\/12\/image-3.png 2048w\" sizes=\"auto, (max-width: 1024px) 100vw, 1024px\" \/><\/figure>\n\n\n\n<p><strong>#ElVeracruzanoVIP &#8211; <\/strong><a href=\"https:\/\/www.facebook.com\/ElVeracruzanoVIP\/\">El Veracruzano VIP<\/a><\/p>\n","protected":false},"excerpt":{"rendered":"<p>#Coatepec, #Ver.- Coatepec vibr\u00f3 con alegr\u00eda, folklore y m\u00fasica durante la D\u00e9cima Edici\u00f3n del Festival Folkl\u00f3rico Internacional InspirArte de Veracruz<\/p>\n","protected":false},"author":4,"featured_media":7178,"comment_status":"open","ping_status":"open","sticky":false,"template":"","format":"standard","meta":{"colormag_page_container_layout":"default_layout","colormag_page_sidebar_layout":"default_layout","rop_custom_images_group":[],"rop_custom_messages_group":[],"rop_publish_now":"initial","rop_publish_now_accounts":{"facebook_109133384920963_108472061465099":""},"rop_publish_now_history":[],"rop_publish_now_status":"pending","footnotes":""},"categories":[10],"tags":[40,20,73,19,21],"class_list":["post-7176","post","type-post","status-publish","format-standard","has-post-thumbnail","hentry","category-municipios","tag-coatepec","tag-enterate","tag-raymundo-andrade-rivera","tag-redes-sociales","tag-ultima-hora"],"_links":{"self":[{"href":"https:\/\/elveracruzano.vip\/index.php?rest_route=\/wp\/v2\/posts\/7176","targetHints":{"allow":["GET"]}}],"collection":[{"href":"https:\/\/elveracruzano.vip\/index.php?rest_route=\/wp\/v2\/posts"}],"about":[{"href":"https:\/\/elveracruzano.vip\/index.php?rest_route=\/wp\/v2\/types\/post"}],"author":[{"embeddable":true,"href":"https:\/\/elveracruzano.vip\/index.php?rest_route=\/wp\/v2\/users\/4"}],"replies":[{"embeddable":true,"href":"https:\/\/elveracruzano.vip\/index.php?rest_route=%2Fwp%2Fv2%2Fcomments&post=7176"}],"version-history":[{"count":1,"href":"https:\/\/elveracruzano.vip\/index.php?rest_route=\/wp\/v2\/posts\/7176\/revisions"}],"predecessor-version":[{"id":7179,"href":"https:\/\/elveracruzano.vip\/index.php?rest_route=\/wp\/v2\/posts\/7176\/revisions\/7179"}],"wp:featuredmedia":[{"embeddable":true,"href":"https:\/\/elveracruzano.vip\/index.php?rest_route=\/wp\/v2\/media\/7178"}],"wp:attachment":[{"href":"https:\/\/elveracruzano.vip\/index.php?rest_route=%2Fwp%2Fv2%2Fmedia&parent=7176"}],"wp:term":[{"taxonomy":"category","embeddable":true,"href":"https:\/\/elveracruzano.vip\/index.php?rest_route=%2Fwp%2Fv2%2Fcategories&post=7176"},{"taxonomy":"post_tag","embeddable":true,"href":"https:\/\/elveracruzano.vip\/index.php?rest_route=%2Fwp%2Fv2%2Ftags&post=7176"}],"curies":[{"name":"wp","href":"https:\/\/api.w.org\/{rel}","templated":true}]}}