{"id":7173,"date":"2023-12-19T20:25:51","date_gmt":"2023-12-20T02:25:51","guid":{"rendered":"https:\/\/elveracruzano.vip\/?p=7173"},"modified":"2023-12-19T20:25:53","modified_gmt":"2023-12-20T02:25:53","slug":"alcaldesa-de-minatitlan-comparte-una-calida-celebracion-navidena-con-el-personal-del-rastro-municipal-dramedelpalma-gobminatitlan","status":"publish","type":"post","link":"https:\/\/elveracruzano.vip\/?p=7173","title":{"rendered":"Alcaldesa de Minatitl\u00e1n comparte una c\u00e1lida celebraci\u00f3n navide\u00f1a con el personal del Rastro Municipal \/ @DraMedelPalma @gobminatitlan >>>"},"content":{"rendered":"\n<p><strong>#Minatitl\u00e1n, #Ver.-<\/strong> La alcaldesa de Minatitl\u00e1n, Dra. Carmen Medel tuvo el honor de compartir una alegre posada navide\u00f1a con el personal del Rastro Municipal. Durante este emotivo encuentro, expres\u00f3 sus mejores deseos para las festividades decembrinas y agradeci\u00f3 al equipo por su dedicaci\u00f3n y esfuerzo en el servicio a la poblaci\u00f3n.<\/p>\n\n\n\n<p>En un ambiente festivo, degustaron una deliciosa <a><\/a>comida donde la alcaldesa tuvo la oportunidad de convivir con el personal, compartiendo momentos de alegr\u00eda y gratitud. Adem\u00e1s se llev\u00f3 a cabo un brindis, as\u00ed como una entretenida rifa de regalos que llen\u00f3 de emoci\u00f3n a todos los presentes.<\/p>\n\n\n\n<p>Medel Palma destac\u00f3 la importancia de reconocer el arduo trabajo del personal del Rastro Municipal y reafirm\u00f3 su compromiso de seguir apoyando y valorando su labor, dese\u00e1ndoles felices fiestas en compa\u00f1\u00eda de sus seres queridos.<\/p>\n\n\n\n<p><strong>#ElVeracruzanoVIP &#8211; <\/strong><a href=\"https:\/\/www.facebook.com\/ElVeracruzanoVIP\/\">El Veracruzano VIP<\/a><\/p>\n","protected":false},"excerpt":{"rendered":"<p>#Minatitl\u00e1n, #Ver.- La alcaldesa de Minatitl\u00e1n, Dra. Carmen Medel tuvo el honor de compartir una alegre posada navide\u00f1a con el<\/p>\n","protected":false},"author":4,"featured_media":7174,"comment_status":"open","ping_status":"open","sticky":false,"template":"","format":"standard","meta":{"colormag_page_container_layout":"default_layout","colormag_page_sidebar_layout":"default_layout","rop_custom_images_group":[],"rop_custom_messages_group":[],"rop_publish_now":"initial","rop_publish_now_accounts":{"facebook_109133384920963_108472061465099":""},"rop_publish_now_history":[],"rop_publish_now_status":"pending","footnotes":""},"categories":[8],"tags":[80,20,39,19,21],"class_list":["post-7173","post","type-post","status-publish","format-standard","has-post-thumbnail","hentry","category-alcaldesas","tag-carmen-medel-palma","tag-enterate","tag-minatitlan","tag-redes-sociales","tag-ultima-hora"],"_links":{"self":[{"href":"https:\/\/elveracruzano.vip\/index.php?rest_route=\/wp\/v2\/posts\/7173","targetHints":{"allow":["GET"]}}],"collection":[{"href":"https:\/\/elveracruzano.vip\/index.php?rest_route=\/wp\/v2\/posts"}],"about":[{"href":"https:\/\/elveracruzano.vip\/index.php?rest_route=\/wp\/v2\/types\/post"}],"author":[{"embeddable":true,"href":"https:\/\/elveracruzano.vip\/index.php?rest_route=\/wp\/v2\/users\/4"}],"replies":[{"embeddable":true,"href":"https:\/\/elveracruzano.vip\/index.php?rest_route=%2Fwp%2Fv2%2Fcomments&post=7173"}],"version-history":[{"count":1,"href":"https:\/\/elveracruzano.vip\/index.php?rest_route=\/wp\/v2\/posts\/7173\/revisions"}],"predecessor-version":[{"id":7175,"href":"https:\/\/elveracruzano.vip\/index.php?rest_route=\/wp\/v2\/posts\/7173\/revisions\/7175"}],"wp:featuredmedia":[{"embeddable":true,"href":"https:\/\/elveracruzano.vip\/index.php?rest_route=\/wp\/v2\/media\/7174"}],"wp:attachment":[{"href":"https:\/\/elveracruzano.vip\/index.php?rest_route=%2Fwp%2Fv2%2Fmedia&parent=7173"}],"wp:term":[{"taxonomy":"category","embeddable":true,"href":"https:\/\/elveracruzano.vip\/index.php?rest_route=%2Fwp%2Fv2%2Fcategories&post=7173"},{"taxonomy":"post_tag","embeddable":true,"href":"https:\/\/elveracruzano.vip\/index.php?rest_route=%2Fwp%2Fv2%2Ftags&post=7173"}],"curies":[{"name":"wp","href":"https:\/\/api.w.org\/{rel}","templated":true}]}}