{"id":7121,"date":"2023-12-12T19:54:41","date_gmt":"2023-12-13T01:54:41","guid":{"rendered":"https:\/\/elveracruzano.vip\/?p=7121"},"modified":"2023-12-12T19:54:41","modified_gmt":"2023-12-13T01:54:41","slug":"invita-ayuntamiento-de-cordoba-a-participar-en-los-concursos-de-canto-de-rama-y-el-viejito-pdtejuanmtnez-aytocordobaver","status":"publish","type":"post","link":"https:\/\/elveracruzano.vip\/?p=7121","title":{"rendered":"Invita ayuntamiento de C\u00f3rdoba a participar en los concursos de \u201cCanto de Rama y El Viejito\u201d \/ @PdteJuanMtnez @AytoCordobaVer >>>"},"content":{"rendered":"\n<p><strong>#C\u00f3rdoba, #Ver.-<\/strong> Buscando fomentar las tradiciones navide\u00f1as, el Ayuntamiento de C\u00f3rdoba a trav\u00e9s de la Direcci\u00f3n de Educaci\u00f3n, Cultura y Deporte invita a la ciudadan\u00eda a participar en los concursos de \u201cCanto de la Rama Navide\u00f1a y El Viejito\u201d, que se llevar\u00e1n a cabo el s\u00e1bado 16 y 30 de diciembre, respectivamente.<\/p>\n\n\n\n<p>La directora del \u00e1rea, Estefana Contreras Herrera, coment\u00f3 que estas convocatorias tienen a bien, rescatar los valores y convivencia familiar, as\u00ed como preservar las tradiciones que con el paso del tiempo se han perdido por el uso de las tecnolog\u00edas y las redes sociales.<\/p>\n\n\n\n<p>El concurso de Canto de la Rama Navide\u00f1a se realizar\u00e1 el 16 de diciembre en la explanada del parque 21 de Mayo a las 18:00 horas. Los participantes estar\u00e1n conformados con un m\u00ednimo de 5 y m\u00e1ximo de 10 integrantes, sin contar al director art\u00edstico; estar\u00e1n disponibles dos categor\u00edas: Infantil y Juvenil (de 10 a 19 a\u00f1os) y Libre (20 a\u00f1os en adelante).<\/p>\n\n\n\n<p>Las inscripciones ser\u00e1n en las oficinas de la Direcci\u00f3n de Educaci\u00f3n en el edificio \u201cLa Ruina\u201d, ubicado en calle 1 con avenidas 3 y 5 en horario de 8:30 a 16:00 horas. Deber\u00e1n presentar el formato anexo a la convocatoria con los datos que se solicitan, adem\u00e1s de anexar en caso de ser menores de edad, una autorizaci\u00f3n por escrito de padre o tutor adjuntando copia de identificaci\u00f3n oficial y rese\u00f1a de la tradici\u00f3n (m\u00e1ximo una cuartilla).<\/p>\n\n\n\n<p>En el caso del \u201cConcurso del Viejito\u201d ser\u00e1 el s\u00e1bado 30 de diciembre a las 18:30 horas, en la explanada del parque 21 de Mayo. Los grupos podr\u00e1n estar conformados con un m\u00ednimo de 4 y m\u00e1ximo de 7 integrantes. Los interesados podr\u00e1n anotarse en las oficinas de la coordinaci\u00f3n de Cultura ubicada frente a la Sala Z en la calle 3.<\/p>\n\n\n\n<p><strong>#ElVeracruzanoVIP &#8211; <\/strong><a href=\"https:\/\/www.facebook.com\/ElVeracruzanoVIP\/\">El Veracruzano VIP<\/a><\/p>\n","protected":false},"excerpt":{"rendered":"<p>#C\u00f3rdoba, #Ver.- Buscando fomentar las tradiciones navide\u00f1as, el Ayuntamiento de C\u00f3rdoba a trav\u00e9s de la Direcci\u00f3n de Educaci\u00f3n, Cultura y<\/p>\n","protected":false},"author":4,"featured_media":7122,"comment_status":"open","ping_status":"open","sticky":false,"template":"","format":"standard","meta":{"colormag_page_container_layout":"default_layout","colormag_page_sidebar_layout":"default_layout","rop_custom_images_group":[],"rop_custom_messages_group":[],"rop_publish_now":"initial","rop_publish_now_accounts":{"facebook_109133384920963_108472061465099":""},"rop_publish_now_history":[],"rop_publish_now_status":"pending","footnotes":""},"categories":[11],"tags":[36,20,66,19,21],"class_list":["post-7121","post","type-post","status-publish","format-standard","has-post-thumbnail","hentry","category-municipios-destacados","tag-cordoba","tag-enterate","tag-juan-martinez-flores","tag-redes-sociales","tag-ultima-hora"],"_links":{"self":[{"href":"https:\/\/elveracruzano.vip\/index.php?rest_route=\/wp\/v2\/posts\/7121","targetHints":{"allow":["GET"]}}],"collection":[{"href":"https:\/\/elveracruzano.vip\/index.php?rest_route=\/wp\/v2\/posts"}],"about":[{"href":"https:\/\/elveracruzano.vip\/index.php?rest_route=\/wp\/v2\/types\/post"}],"author":[{"embeddable":true,"href":"https:\/\/elveracruzano.vip\/index.php?rest_route=\/wp\/v2\/users\/4"}],"replies":[{"embeddable":true,"href":"https:\/\/elveracruzano.vip\/index.php?rest_route=%2Fwp%2Fv2%2Fcomments&post=7121"}],"version-history":[{"count":1,"href":"https:\/\/elveracruzano.vip\/index.php?rest_route=\/wp\/v2\/posts\/7121\/revisions"}],"predecessor-version":[{"id":7123,"href":"https:\/\/elveracruzano.vip\/index.php?rest_route=\/wp\/v2\/posts\/7121\/revisions\/7123"}],"wp:featuredmedia":[{"embeddable":true,"href":"https:\/\/elveracruzano.vip\/index.php?rest_route=\/wp\/v2\/media\/7122"}],"wp:attachment":[{"href":"https:\/\/elveracruzano.vip\/index.php?rest_route=%2Fwp%2Fv2%2Fmedia&parent=7121"}],"wp:term":[{"taxonomy":"category","embeddable":true,"href":"https:\/\/elveracruzano.vip\/index.php?rest_route=%2Fwp%2Fv2%2Fcategories&post=7121"},{"taxonomy":"post_tag","embeddable":true,"href":"https:\/\/elveracruzano.vip\/index.php?rest_route=%2Fwp%2Fv2%2Ftags&post=7121"}],"curies":[{"name":"wp","href":"https:\/\/api.w.org\/{rel}","templated":true}]}}