{"id":7072,"date":"2023-12-05T20:30:14","date_gmt":"2023-12-06T02:30:14","guid":{"rendered":"https:\/\/elveracruzano.vip\/?p=7072"},"modified":"2023-12-05T20:45:09","modified_gmt":"2023-12-06T02:45:09","slug":"en-orizaba-realizan-ceremonia-en-el-marco-del-dia-internacional-de-la-discapacidad-entregan-44-tomos-de-la-biblia-en-braille-jmdiezmx-aytodeorizaba","status":"publish","type":"post","link":"https:\/\/elveracruzano.vip\/?p=7072","title":{"rendered":"En Orizaba, realizan ceremonia en el marco del D\u00eda Internacional de la Discapacidad \/ @JMDiezMX @aytodeorizaba >>>"},"content":{"rendered":"\n<p><strong>#Orizaba, #Ver.-<\/strong> En las instalaciones de la Biblioteca Municipal Jos\u00e9 Bernando Couto, se realiz\u00f3 una ceremonia dentro del marco del D\u00eda Internacional de la Discapacidad, en el cual se regalaron 44 tomos de los libros que conforman la biblia en sistema Braille, los cuales fueron donados por la Sociedad B\u00edblica de M\u00e9xico.<\/p>\n\n\n\n<p>Adem\u00e1s se imparti\u00f3 un curso sobre la ense\u00f1anza de la escritura y lectura en Braille, con la finalidad de resalta la importancia de este sistema, la inclusi\u00f3n de personas con discapacidad visual y la creatividad como herramienta para la superaci\u00f3n de barreras.<\/p>\n\n\n\n<p><strong>#ElVeracruzanoVIP &#8211; <\/strong><a href=\"https:\/\/www.facebook.com\/ElVeracruzanoVIP\/\">El Veracruzano VIP<\/a><\/p>\n","protected":false},"excerpt":{"rendered":"<p>#Orizaba, #Ver.- En las instalaciones de la Biblioteca Municipal Jos\u00e9 Bernando Couto, se realiz\u00f3 una ceremonia dentro del marco del<\/p>\n","protected":false},"author":4,"featured_media":7073,"comment_status":"open","ping_status":"open","sticky":false,"template":"","format":"standard","meta":{"colormag_page_container_layout":"default_layout","colormag_page_sidebar_layout":"default_layout","rop_custom_images_group":[],"rop_custom_messages_group":[],"rop_publish_now":"initial","rop_publish_now_accounts":{"facebook_109133384920963_108472061465099":""},"rop_publish_now_history":[],"rop_publish_now_status":"pending","footnotes":""},"categories":[11],"tags":[20,81,38,19,21],"class_list":["post-7072","post","type-post","status-publish","format-standard","has-post-thumbnail","hentry","category-municipios-destacados","tag-enterate","tag-juan-manuel-diez","tag-orizaba","tag-redes-sociales","tag-ultima-hora"],"_links":{"self":[{"href":"https:\/\/elveracruzano.vip\/index.php?rest_route=\/wp\/v2\/posts\/7072","targetHints":{"allow":["GET"]}}],"collection":[{"href":"https:\/\/elveracruzano.vip\/index.php?rest_route=\/wp\/v2\/posts"}],"about":[{"href":"https:\/\/elveracruzano.vip\/index.php?rest_route=\/wp\/v2\/types\/post"}],"author":[{"embeddable":true,"href":"https:\/\/elveracruzano.vip\/index.php?rest_route=\/wp\/v2\/users\/4"}],"replies":[{"embeddable":true,"href":"https:\/\/elveracruzano.vip\/index.php?rest_route=%2Fwp%2Fv2%2Fcomments&post=7072"}],"version-history":[{"count":2,"href":"https:\/\/elveracruzano.vip\/index.php?rest_route=\/wp\/v2\/posts\/7072\/revisions"}],"predecessor-version":[{"id":7088,"href":"https:\/\/elveracruzano.vip\/index.php?rest_route=\/wp\/v2\/posts\/7072\/revisions\/7088"}],"wp:featuredmedia":[{"embeddable":true,"href":"https:\/\/elveracruzano.vip\/index.php?rest_route=\/wp\/v2\/media\/7073"}],"wp:attachment":[{"href":"https:\/\/elveracruzano.vip\/index.php?rest_route=%2Fwp%2Fv2%2Fmedia&parent=7072"}],"wp:term":[{"taxonomy":"category","embeddable":true,"href":"https:\/\/elveracruzano.vip\/index.php?rest_route=%2Fwp%2Fv2%2Fcategories&post=7072"},{"taxonomy":"post_tag","embeddable":true,"href":"https:\/\/elveracruzano.vip\/index.php?rest_route=%2Fwp%2Fv2%2Ftags&post=7072"}],"curies":[{"name":"wp","href":"https:\/\/api.w.org\/{rel}","templated":true}]}}