{"id":7069,"date":"2023-12-05T20:24:35","date_gmt":"2023-12-06T02:24:35","guid":{"rendered":"https:\/\/elveracruzano.vip\/?p=7069"},"modified":"2023-12-05T20:24:36","modified_gmt":"2023-12-06T02:24:36","slug":"en-cordoba-participan-mas-de-50-emprendedores-en-taller-generando-redes-de-negocios-pdtejuanmtnez-aytocordobaver","status":"publish","type":"post","link":"https:\/\/elveracruzano.vip\/?p=7069","title":{"rendered":"En C\u00f3rdoba, participan m\u00e1s de 50 emprendedores en taller \u201cGenerando Redes de Negocios\u201d \/ @PdteJuanMtnez @AytoCordobaVer >>>"},"content":{"rendered":"\n<p><strong>#C\u00f3rdoba, #Ver.-<\/strong> M\u00e1s de 50 emprendedores, medianos y peque\u00f1os empresarios acudieron al taller \u201cGenerando Redes de Negocios\u201d, que el Ayuntamiento de C\u00f3rdoba a trav\u00e9s de la Direcci\u00f3n de Desarrollo Econ\u00f3mico en conjunto con la Coparmex brindaron por medio de una din\u00e1mica te\u00f3rica-participativa con los interesados de distintos rubros y giros de negocio, encaminados en generar alianzas para fortalecer y alcanzar las metas de sus empresas.<\/p>\n\n\n\n<p>El curso-taller fue impartido por la Organizaci\u00f3n Empresarial Generadores de Negocios (GNV) que preside la Lic. Sania Bello Escobar, presidenta de la Comisi\u00f3n de Afiliaci\u00f3n a la Coparmex y Jafet Rodr\u00edguez Garc\u00eda, presidente de la Comisi\u00f3n de Innovaci\u00f3n de la Confederaci\u00f3n, adem\u00e1s de 20 empresarios de la Delegaci\u00f3n de la GNV en diferentes giros como venta, moda e inmobiliaria, que platicaron acerca de la estructura y experiencia de los integrantes de este grupo empresarial, enfocados para crear las comunidades de negocio.<\/p>\n\n\n\n<p>Adem\u00e1s, se brindaron ponencias de capacitaci\u00f3n en temas de redes sociales, inteligencia artificial, marketing, ventas, y finalizaron con la participaci\u00f3n de todos los asistentes en una din\u00e1mica de networking, para ubicar a quienes representan las diferentes marcas en C\u00f3rdoba y generar alianzas.<\/p>\n\n\n\n<p>\u201cHoy en d\u00eda el trabajo colaborativo es esencial, sobre todo, si uno quiere hacer alianzas comerciales no puede venir un solo empresario, al final tienen que participar m\u00e1s y de diversos giros; es ah\u00ed donde se genera un ecosistema de negocio\u201d, expres\u00f3 el presidente de la comisi\u00f3n de Innovaci\u00f3n Jafet Rodr\u00edguez Garc\u00eda.<\/p>\n\n\n\n<p><strong>#ElVeracruzanoVIP &#8211; <\/strong><a href=\"https:\/\/www.facebook.com\/ElVeracruzanoVIP\/\">El Veracruzano VIP<\/a><\/p>\n","protected":false},"excerpt":{"rendered":"<p>#C\u00f3rdoba, #Ver.- M\u00e1s de 50 emprendedores, medianos y peque\u00f1os empresarios acudieron al taller \u201cGenerando Redes de Negocios\u201d, que el Ayuntamiento<\/p>\n","protected":false},"author":4,"featured_media":7070,"comment_status":"open","ping_status":"open","sticky":false,"template":"","format":"standard","meta":{"colormag_page_container_layout":"default_layout","colormag_page_sidebar_layout":"default_layout","rop_custom_images_group":[],"rop_custom_messages_group":[],"rop_publish_now":"initial","rop_publish_now_accounts":{"facebook_109133384920963_108472061465099":""},"rop_publish_now_history":[],"rop_publish_now_status":"pending","footnotes":""},"categories":[11],"tags":[36,20,19,21],"class_list":["post-7069","post","type-post","status-publish","format-standard","has-post-thumbnail","hentry","category-municipios-destacados","tag-cordoba","tag-enterate","tag-redes-sociales","tag-ultima-hora"],"_links":{"self":[{"href":"https:\/\/elveracruzano.vip\/index.php?rest_route=\/wp\/v2\/posts\/7069","targetHints":{"allow":["GET"]}}],"collection":[{"href":"https:\/\/elveracruzano.vip\/index.php?rest_route=\/wp\/v2\/posts"}],"about":[{"href":"https:\/\/elveracruzano.vip\/index.php?rest_route=\/wp\/v2\/types\/post"}],"author":[{"embeddable":true,"href":"https:\/\/elveracruzano.vip\/index.php?rest_route=\/wp\/v2\/users\/4"}],"replies":[{"embeddable":true,"href":"https:\/\/elveracruzano.vip\/index.php?rest_route=%2Fwp%2Fv2%2Fcomments&post=7069"}],"version-history":[{"count":1,"href":"https:\/\/elveracruzano.vip\/index.php?rest_route=\/wp\/v2\/posts\/7069\/revisions"}],"predecessor-version":[{"id":7071,"href":"https:\/\/elveracruzano.vip\/index.php?rest_route=\/wp\/v2\/posts\/7069\/revisions\/7071"}],"wp:featuredmedia":[{"embeddable":true,"href":"https:\/\/elveracruzano.vip\/index.php?rest_route=\/wp\/v2\/media\/7070"}],"wp:attachment":[{"href":"https:\/\/elveracruzano.vip\/index.php?rest_route=%2Fwp%2Fv2%2Fmedia&parent=7069"}],"wp:term":[{"taxonomy":"category","embeddable":true,"href":"https:\/\/elveracruzano.vip\/index.php?rest_route=%2Fwp%2Fv2%2Fcategories&post=7069"},{"taxonomy":"post_tag","embeddable":true,"href":"https:\/\/elveracruzano.vip\/index.php?rest_route=%2Fwp%2Fv2%2Ftags&post=7069"}],"curies":[{"name":"wp","href":"https:\/\/api.w.org\/{rel}","templated":true}]}}