{"id":7044,"date":"2023-11-30T20:04:16","date_gmt":"2023-12-01T02:04:16","guid":{"rendered":"https:\/\/elveracruzano.vip\/?p=7044"},"modified":"2023-11-30T20:04:17","modified_gmt":"2023-12-01T02:04:17","slug":"anuncio-geraldine-ponce-que-si-se-pagaran-sueldos-y-prestaciones-a-trabajadores-de-tepic-en-nayarit-geraldineponcem-gobiernodetepic","status":"publish","type":"post","link":"https:\/\/elveracruzano.vip\/?p=7044","title":{"rendered":"Anunci\u00f3 Geraldine Ponce que s\u00ed se pagar\u00e1n sueldos y prestaciones a trabajadores de Tepic, en Nayarit \/ @GeraldinePonceM @Gobiernodetepic >>>"},"content":{"rendered":"\n<p class=\"wp-block-paragraph\"><strong>#Tepic, #Nay.-&nbsp;<\/strong>Queda sin efecto cualquier embargo o inmovilizaci\u00f3n de cuentas bancarias del Ayuntamiento de Tepic, luego de que el Juzgado Segundo en materia de amparos, concediera una suspensi\u00f3n, anunci\u00f3 la presidenta municipal, Ing. Geraldine Ponce.<\/p>\n\n\n\n<p class=\"wp-block-paragraph\">\u201cDicha determinaci\u00f3n judicial ampara que podamos seguir utilizando los recursos econ\u00f3micos para seguir brindando los servicios p\u00fablicos con eficiencia como lo hemos venido haciendo en mi Administraci\u00f3n, y para poder cumplir en tiempo y forma con los compromisos con la ciudadan\u00eda y los trabajadores del Ayuntamiento\u201d, a\u00f1adi\u00f3 Geraldine.<\/p>\n\n\n\n<p class=\"wp-block-paragraph\">Adem\u00e1s, la alcaldesa orden\u00f3 \u201cque de inmediato se disperse el aguinaldo de 2012 y 2013 que les quedaron a deber pasadas administraciones a los compa\u00f1eros del SUTSEM, as\u00ed como me compromet\u00ed el d\u00eda de mi Segundo Informe de Gobierno, en tiempo y forma\u201d.<\/p>\n\n\n\n<p class=\"wp-block-paragraph\"><strong>#ElVeracruzanoVIP &#8211; <\/strong><a href=\"https:\/\/www.facebook.com\/ElVeracruzanoVIP\/\">El Veracruzano VIP<\/a><\/p>\n","protected":false},"excerpt":{"rendered":"<p>#Tepic, #Nay.-&nbsp;Queda sin efecto cualquier embargo o inmovilizaci\u00f3n de cuentas bancarias del Ayuntamiento de Tepic, luego de que el Juzgado<\/p>\n","protected":false},"author":4,"featured_media":7045,"comment_status":"open","ping_status":"open","sticky":false,"template":"","format":"standard","meta":{"colormag_page_container_layout":"default_layout","colormag_page_sidebar_layout":"default_layout","rop_custom_images_group":[],"rop_custom_messages_group":[],"rop_publish_now":"initial","rop_publish_now_accounts":{"facebook_109133384920963_108472061465099":""},"rop_publish_now_history":[],"rop_publish_now_status":"pending","footnotes":""},"categories":[12],"tags":[70,20,103,19,21],"class_list":["post-7044","post","type-post","status-publish","format-standard","has-post-thumbnail","hentry","category-municipios-en-mexico","tag-ayuntamiento-de-tepic","tag-enterate","tag-geraldine-ponce","tag-redes-sociales","tag-ultima-hora"],"_links":{"self":[{"href":"https:\/\/elveracruzano.vip\/index.php?rest_route=\/wp\/v2\/posts\/7044","targetHints":{"allow":["GET"]}}],"collection":[{"href":"https:\/\/elveracruzano.vip\/index.php?rest_route=\/wp\/v2\/posts"}],"about":[{"href":"https:\/\/elveracruzano.vip\/index.php?rest_route=\/wp\/v2\/types\/post"}],"author":[{"embeddable":true,"href":"https:\/\/elveracruzano.vip\/index.php?rest_route=\/wp\/v2\/users\/4"}],"replies":[{"embeddable":true,"href":"https:\/\/elveracruzano.vip\/index.php?rest_route=%2Fwp%2Fv2%2Fcomments&post=7044"}],"version-history":[{"count":1,"href":"https:\/\/elveracruzano.vip\/index.php?rest_route=\/wp\/v2\/posts\/7044\/revisions"}],"predecessor-version":[{"id":7046,"href":"https:\/\/elveracruzano.vip\/index.php?rest_route=\/wp\/v2\/posts\/7044\/revisions\/7046"}],"wp:featuredmedia":[{"embeddable":true,"href":"https:\/\/elveracruzano.vip\/index.php?rest_route=\/wp\/v2\/media\/7045"}],"wp:attachment":[{"href":"https:\/\/elveracruzano.vip\/index.php?rest_route=%2Fwp%2Fv2%2Fmedia&parent=7044"}],"wp:term":[{"taxonomy":"category","embeddable":true,"href":"https:\/\/elveracruzano.vip\/index.php?rest_route=%2Fwp%2Fv2%2Fcategories&post=7044"},{"taxonomy":"post_tag","embeddable":true,"href":"https:\/\/elveracruzano.vip\/index.php?rest_route=%2Fwp%2Fv2%2Ftags&post=7044"}],"curies":[{"name":"wp","href":"https:\/\/api.w.org\/{rel}","templated":true}]}}