{"id":7006,"date":"2023-11-28T19:56:29","date_gmt":"2023-11-29T01:56:29","guid":{"rendered":"https:\/\/elveracruzano.vip\/?p=7006"},"modified":"2023-11-28T19:56:30","modified_gmt":"2023-11-29T01:56:30","slug":"presidente-andres-manuel-celebra-tregua-temporal-en-conflicto-israel-palestina-lopezobrador_-gobiernomx","status":"publish","type":"post","link":"https:\/\/elveracruzano.vip\/?p=7006","title":{"rendered":"Presidente Andr\u00e9s Manuel celebra tregua temporal en conflicto Israel-Palestina \/ @lopezobrador_ @GobiernoMX >>>"},"content":{"rendered":"\n<p><strong>#GobiernoDeM\u00e9xico.-<\/strong>&nbsp;El presidente Andr\u00e9s Manuel L\u00f3pez Obrador celebr\u00f3 la tregua temporal entre Israel y Palestina y la liberaci\u00f3n de rehenes, lo que representa un primer paso hacia la pacificaci\u00f3n del conflicto iniciado el 7 de octubre.&nbsp;&nbsp;<\/p>\n\n\n\n<p>\u201cCelebro que ya se haya iniciado esta negociaci\u00f3n, aun con intercambio de detenidos, pero ya es un paso que lo celebro, lo de liberar rehenes, lo de la entrada de ayuda humanitaria y ojal\u00e1 se siga avanzando en bien de todos\u201d, expres\u00f3.<\/p>\n\n\n\n<p>Al encabezar la conferencia de prensa matutina, el mandatario afirm\u00f3 que el Gobierno de M\u00e9xico, a trav\u00e9s de la Secretar\u00eda de Relaciones Exteriores, trabaja en la liberaci\u00f3n de dos rehenes mexicanos y mantiene comunicaci\u00f3n con sus familiares.<\/p>\n\n\n\n<p>\u201cEn el caso de Gaza e Israel se est\u00e1 haciendo una gesti\u00f3n. Se est\u00e1 haciendo un trabajo, o sea, no se ha dejado nunca, se ha estado haciendo una gesti\u00f3n, tr\u00e1mites y ha estado dedicada a eso bastante tiempo Alicia B\u00e1rcena (secretaria de Relaciones Exteriores) y hay comunicaci\u00f3n con familiares. Se est\u00e1 haciendo el trabajo, pero vamos a esperarnos\u201d, abund\u00f3.<\/p>\n\n\n\n<p><strong><span style=\"font-size:11.0pt;line-height:\n115%;font-family:&quot;Calibri&quot;,sans-serif;mso-ascii-theme-font:minor-latin;\nmso-fareast-font-family:Calibri;mso-fareast-theme-font:minor-latin;mso-hansi-theme-font:\nminor-latin;mso-bidi-font-family:&quot;Times New Roman&quot;;mso-bidi-theme-font:minor-bidi;\nmso-ansi-language:ES-MX;mso-fareast-language:EN-US;mso-bidi-language:AR-SA\">#ElVeracruzanoVIP &#8211; <\/span><\/strong><span style=\"font-size:11.0pt;line-height:115%;font-family:\n&quot;Calibri&quot;,sans-serif;mso-ascii-theme-font:minor-latin;mso-fareast-font-family:\nCalibri;mso-fareast-theme-font:minor-latin;mso-hansi-theme-font:minor-latin;\nmso-bidi-font-family:&quot;Times New Roman&quot;;mso-bidi-theme-font:minor-bidi;\nmso-ansi-language:ES-MX;mso-fareast-language:EN-US;mso-bidi-language:AR-SA\"><a href=\"https:\/\/www.facebook.com\/ElVeracruzanoVIP\/\">El Veracruzano VIP<\/a><\/span><\/p>\n","protected":false},"excerpt":{"rendered":"<p>#GobiernoDeM\u00e9xico.-&nbsp;El presidente Andr\u00e9s Manuel L\u00f3pez Obrador celebr\u00f3 la tregua temporal entre Israel y Palestina y la liberaci\u00f3n de rehenes, lo<\/p>\n","protected":false},"author":4,"featured_media":7007,"comment_status":"open","ping_status":"open","sticky":false,"template":"","format":"standard","meta":{"colormag_page_container_layout":"default_layout","colormag_page_sidebar_layout":"default_layout","rop_custom_images_group":[],"rop_custom_messages_group":[],"rop_publish_now":"initial","rop_publish_now_accounts":{"facebook_109133384920963_108472061465099":""},"rop_publish_now_history":[],"rop_publish_now_status":"pending","footnotes":""},"categories":[13],"tags":[28,20,29,19,21],"class_list":["post-7006","post","type-post","status-publish","format-standard","has-post-thumbnail","hentry","category-principales","tag-andres-manuel-lopez-obrado","tag-enterate","tag-gobierno-de-mexico","tag-redes-sociales","tag-ultima-hora"],"_links":{"self":[{"href":"https:\/\/elveracruzano.vip\/index.php?rest_route=\/wp\/v2\/posts\/7006","targetHints":{"allow":["GET"]}}],"collection":[{"href":"https:\/\/elveracruzano.vip\/index.php?rest_route=\/wp\/v2\/posts"}],"about":[{"href":"https:\/\/elveracruzano.vip\/index.php?rest_route=\/wp\/v2\/types\/post"}],"author":[{"embeddable":true,"href":"https:\/\/elveracruzano.vip\/index.php?rest_route=\/wp\/v2\/users\/4"}],"replies":[{"embeddable":true,"href":"https:\/\/elveracruzano.vip\/index.php?rest_route=%2Fwp%2Fv2%2Fcomments&post=7006"}],"version-history":[{"count":1,"href":"https:\/\/elveracruzano.vip\/index.php?rest_route=\/wp\/v2\/posts\/7006\/revisions"}],"predecessor-version":[{"id":7008,"href":"https:\/\/elveracruzano.vip\/index.php?rest_route=\/wp\/v2\/posts\/7006\/revisions\/7008"}],"wp:featuredmedia":[{"embeddable":true,"href":"https:\/\/elveracruzano.vip\/index.php?rest_route=\/wp\/v2\/media\/7007"}],"wp:attachment":[{"href":"https:\/\/elveracruzano.vip\/index.php?rest_route=%2Fwp%2Fv2%2Fmedia&parent=7006"}],"wp:term":[{"taxonomy":"category","embeddable":true,"href":"https:\/\/elveracruzano.vip\/index.php?rest_route=%2Fwp%2Fv2%2Fcategories&post=7006"},{"taxonomy":"post_tag","embeddable":true,"href":"https:\/\/elveracruzano.vip\/index.php?rest_route=%2Fwp%2Fv2%2Ftags&post=7006"}],"curies":[{"name":"wp","href":"https:\/\/api.w.org\/{rel}","templated":true}]}}