{"id":6995,"date":"2023-11-23T19:44:40","date_gmt":"2023-11-24T01:44:40","guid":{"rendered":"https:\/\/elveracruzano.vip\/?p=6995"},"modified":"2023-11-23T19:52:25","modified_gmt":"2023-11-24T01:52:25","slug":"minatitlan-promueve-la-inclusion-y-la-igualdad-en-tercera-sesion-abierta-de-cabildo-abierta-dramedelpalma-gobminatitlan","status":"publish","type":"post","link":"https:\/\/elveracruzano.vip\/?p=6995","title":{"rendered":"Minatitl\u00e1n promueve la inclusi\u00f3n y la igualdad en tercera sesi\u00f3n de cabildo abierta \/ @DraMedelPalma @gobminatitlan >>>"},"content":{"rendered":"\n<p><strong>#Minatitl\u00e1n, #Ver.-<\/strong> La Presidenta Municipal de Minatitl\u00e1n, doctora Carmen Medel Palma, convoc\u00f3 a la tercera sesi\u00f3n de cabildo abierta en seguimiento a la convocatoria lanzada el pasado 6 de noviembre por la Secretar\u00eda del H. Ayuntamiento. El evento tuvo lugar en las instalaciones de la comandancia municipal C2 y cont\u00f3 con la participaci\u00f3n del cabildo y la ciudadan\u00eda en general.<\/p>\n\n\n\n<p>El tema <a><\/a>principal abordado durante esta sesi\u00f3n fue \u00abMunicipio Incluyente e Igualitario\u00bb. Medel Palma, destac\u00f3 la importancia de promover un municipio donde todas las personas tengan igualdad de oportunidades y acceso a los servicios p\u00fablicos. Se discutieron estrategias para fomentar la inclusi\u00f3n social, eliminar barreras y garantizar el respeto a los derechos humanos de todos los habitantes de Minatitl\u00e1n.<\/p>\n\n\n\n<p>Durante la sesi\u00f3n, se escucharon las propuestas y opiniones de los ciudadanos presentes, quienes expresaron sus inquietudes y sugerencias para lograr un municipio m\u00e1s inclusivo e igualitario. La alcaldesa se comprometi\u00f3 a tomar en cuenta estas ideas y trabajar en conjunto con la sociedad para implementar acciones que promuevan la igualdad y el respeto hacia todas las personas.<\/p>\n\n\n\n<p>La tercera sesi\u00f3n de cabildo abierta refleja la responsabilidad del Gobierno Municipal de Minatitl\u00e1n por fomentar una participaci\u00f3n ciudadana activa y fortalecer los v\u00ednculos entre la administraci\u00f3n p\u00fablica y la poblaci\u00f3n.<\/p>\n\n\n\n<p><strong>#ElVeracruzanoVIP &#8211; <\/strong><a href=\"https:\/\/www.facebook.com\/ElVeracruzanoVIP\/\">El Veracruzano VIP<\/a><\/p>\n","protected":false},"excerpt":{"rendered":"<p>#Minatitl\u00e1n, #Ver.- La Presidenta Municipal de Minatitl\u00e1n, doctora Carmen Medel Palma, convoc\u00f3 a la tercera sesi\u00f3n de cabildo abierta en<\/p>\n","protected":false},"author":4,"featured_media":6996,"comment_status":"open","ping_status":"open","sticky":false,"template":"","format":"standard","meta":{"colormag_page_container_layout":"default_layout","colormag_page_sidebar_layout":"default_layout","rop_custom_images_group":[],"rop_custom_messages_group":[],"rop_publish_now":"initial","rop_publish_now_accounts":{"facebook_109133384920963_108472061465099":""},"rop_publish_now_history":[],"rop_publish_now_status":"pending","footnotes":""},"categories":[8],"tags":[80,20,39,19,21],"class_list":["post-6995","post","type-post","status-publish","format-standard","has-post-thumbnail","hentry","category-alcaldesas","tag-carmen-medel-palma","tag-enterate","tag-minatitlan","tag-redes-sociales","tag-ultima-hora"],"_links":{"self":[{"href":"https:\/\/elveracruzano.vip\/index.php?rest_route=\/wp\/v2\/posts\/6995","targetHints":{"allow":["GET"]}}],"collection":[{"href":"https:\/\/elveracruzano.vip\/index.php?rest_route=\/wp\/v2\/posts"}],"about":[{"href":"https:\/\/elveracruzano.vip\/index.php?rest_route=\/wp\/v2\/types\/post"}],"author":[{"embeddable":true,"href":"https:\/\/elveracruzano.vip\/index.php?rest_route=\/wp\/v2\/users\/4"}],"replies":[{"embeddable":true,"href":"https:\/\/elveracruzano.vip\/index.php?rest_route=%2Fwp%2Fv2%2Fcomments&post=6995"}],"version-history":[{"count":2,"href":"https:\/\/elveracruzano.vip\/index.php?rest_route=\/wp\/v2\/posts\/6995\/revisions"}],"predecessor-version":[{"id":7004,"href":"https:\/\/elveracruzano.vip\/index.php?rest_route=\/wp\/v2\/posts\/6995\/revisions\/7004"}],"wp:featuredmedia":[{"embeddable":true,"href":"https:\/\/elveracruzano.vip\/index.php?rest_route=\/wp\/v2\/media\/6996"}],"wp:attachment":[{"href":"https:\/\/elveracruzano.vip\/index.php?rest_route=%2Fwp%2Fv2%2Fmedia&parent=6995"}],"wp:term":[{"taxonomy":"category","embeddable":true,"href":"https:\/\/elveracruzano.vip\/index.php?rest_route=%2Fwp%2Fv2%2Fcategories&post=6995"},{"taxonomy":"post_tag","embeddable":true,"href":"https:\/\/elveracruzano.vip\/index.php?rest_route=%2Fwp%2Fv2%2Ftags&post=6995"}],"curies":[{"name":"wp","href":"https:\/\/api.w.org\/{rel}","templated":true}]}}