{"id":6981,"date":"2023-11-23T19:27:58","date_gmt":"2023-11-24T01:27:58","guid":{"rendered":"https:\/\/elveracruzano.vip\/?p=6981"},"modified":"2023-11-23T19:27:59","modified_gmt":"2023-11-24T01:27:59","slug":"el-orden-la-transparencia-y-disciplina-financiera-quedaran-como-legado-a-veracruz-cuitlahuacgj-gobiernover","status":"publish","type":"post","link":"https:\/\/elveracruzano.vip\/?p=6981","title":{"rendered":"El orden, la transparencia y disciplina financiera quedar\u00e1n como legado a Veracruz \/ @CuitlahuacGJ @GobiernoVer >>>"},"content":{"rendered":"\n<p><strong>#GobiernoDeVeracruz.-<\/strong> \u201cCumplimos con orgullo y gracias al orden, transparencia y disciplina financiera tenemos r\u00e9cord de obras; cada a\u00f1o los montos en el rubro van al alza y tenemos un estimado de 7 mil 500 millones de pesos al cierre del presente: un aumento del 29.7% respecto a 2022\u201d, afirm\u00f3 el titular de la Secretar\u00eda de Finanzas y Planeaci\u00f3n (SEFIPLAN), Jos\u00e9 Luis Lima Franco.<\/p>\n\n\n\n<p>En la Glosa del Quinto Informe ante la Comisi\u00f3n de Hacienda del Estado de la LXVI Legislatura, se\u00f1al\u00f3 que en cinco a\u00f1os suman 29 mil 539 mdp de inversi\u00f3n p\u00fablica con prioridad a la atenci\u00f3n de la gente m\u00e1s vulnerable para construir un piso parejo y generar condiciones de bienestar. \u201cHoy, 9 de cada 10 pesos se ejercen en infraestructura, medio ambiente, salud y educaci\u00f3n\u201d.<\/p>\n\n\n\n<p>Dado el rezago en el que estaba Veracruz, el objetivo de la dependencia fue elevar los ingresos sin crear nuevos impuestos ni aumentar los existentes; as\u00ed, la recaudaci\u00f3n pas\u00f3 de 8 mil 629 millones en 2018 a tener un c\u00e1lculo de 16 mil 192 a finales de 2023, es decir, un incremento del 87.7%.<\/p>\n\n\n\n<p>Mientras tanto, a trav\u00e9s del Financiamiento para la Reconstrucci\u00f3n de Entidades Federativas llegaron m\u00e1s de 2 mil 470 mdp que permitieron efectuar 173 acciones, entre \u00e9stas el libramiento de Coatepec, el Hospital de Nautla y el paso superior vehicular en la avenida L\u00e1zaro C\u00e1rdenas de Xalapa.<\/p>\n\n\n\n<p>A su vez, la reserva t\u00e9cnica del Instituto de Pensiones del Estado creci\u00f3 un 82.7% desde 2018, cuando era de mil 220 millones; hoy asciende a 2 mil 229.8 y se espera alcance los 2 mil 540.5 al t\u00e9rmino de la administraci\u00f3n. En tanto, el presupuesto de 2024 pasar\u00e1 a 4 mil 343.8 mdp, mil millones m\u00e1s que este a\u00f1o para dar certeza a los trabajadores, jubilados y pensionados.<\/p>\n\n\n\n<p>\u201cQuiz\u00e1 el tema del que m\u00e1s desinformaci\u00f3n existe es el de la deuda p\u00fablica, pocas veces se habla con la verdad de lo que nos heredaron los malos gobiernos\u201d, dijo Lima Franco al precisar que el hueco financiero al inicio del Gobierno era de 87 mil 207.3 millones de pesos y hoy es de 67 mil 407.3; \u201clo que muchos ve\u00edan imposible: bajamos la deuda en 19 mil 800 millones\u201d.<\/p>\n\n\n\n<p>Por ello asever\u00f3 que Veracruz pas\u00f3 de la bancarrota a la estabilidad en estos a\u00f1os; \u201clas agencias internacionales avalan el trabajo y la recuperaci\u00f3n que hemos alcanzado: de 2019 a 2023 tenemos 16 alzas en la calificaci\u00f3n de HR Ratings, Fitch Ratings y Moody\u2019s, dejamos de ser un estado altamente especulativo a recuperar el grado de inversi\u00f3n y la confianza de los mercados ha vuelto\u201d.<\/p>\n\n\n\n<p><strong>#ElVeracruzanoVIP &#8211; <\/strong><a href=\"https:\/\/www.facebook.com\/ElVeracruzanoVIP\/\">El Veracruzano VIP<\/a><\/p>\n","protected":false},"excerpt":{"rendered":"<p>#GobiernoDeVeracruz.- \u201cCumplimos con orgullo y gracias al orden, transparencia y disciplina financiera tenemos r\u00e9cord de obras; cada a\u00f1o los montos<\/p>\n","protected":false},"author":4,"featured_media":6982,"comment_status":"open","ping_status":"open","sticky":false,"template":"","format":"standard","meta":{"colormag_page_container_layout":"default_layout","colormag_page_sidebar_layout":"default_layout","rop_custom_images_group":[],"rop_custom_messages_group":[],"rop_publish_now":"initial","rop_publish_now_accounts":{"facebook_109133384920963_108472061465099":""},"rop_publish_now_history":[],"rop_publish_now_status":"pending","footnotes":""},"categories":[13],"tags":[17,20,18,19,21],"class_list":["post-6981","post","type-post","status-publish","format-standard","has-post-thumbnail","hentry","category-principales","tag-cuitlahuac-garcia-jimenez","tag-enterate","tag-gobierno-del-estado-de-veracruz","tag-redes-sociales","tag-ultima-hora"],"_links":{"self":[{"href":"https:\/\/elveracruzano.vip\/index.php?rest_route=\/wp\/v2\/posts\/6981","targetHints":{"allow":["GET"]}}],"collection":[{"href":"https:\/\/elveracruzano.vip\/index.php?rest_route=\/wp\/v2\/posts"}],"about":[{"href":"https:\/\/elveracruzano.vip\/index.php?rest_route=\/wp\/v2\/types\/post"}],"author":[{"embeddable":true,"href":"https:\/\/elveracruzano.vip\/index.php?rest_route=\/wp\/v2\/users\/4"}],"replies":[{"embeddable":true,"href":"https:\/\/elveracruzano.vip\/index.php?rest_route=%2Fwp%2Fv2%2Fcomments&post=6981"}],"version-history":[{"count":1,"href":"https:\/\/elveracruzano.vip\/index.php?rest_route=\/wp\/v2\/posts\/6981\/revisions"}],"predecessor-version":[{"id":6983,"href":"https:\/\/elveracruzano.vip\/index.php?rest_route=\/wp\/v2\/posts\/6981\/revisions\/6983"}],"wp:featuredmedia":[{"embeddable":true,"href":"https:\/\/elveracruzano.vip\/index.php?rest_route=\/wp\/v2\/media\/6982"}],"wp:attachment":[{"href":"https:\/\/elveracruzano.vip\/index.php?rest_route=%2Fwp%2Fv2%2Fmedia&parent=6981"}],"wp:term":[{"taxonomy":"category","embeddable":true,"href":"https:\/\/elveracruzano.vip\/index.php?rest_route=%2Fwp%2Fv2%2Fcategories&post=6981"},{"taxonomy":"post_tag","embeddable":true,"href":"https:\/\/elveracruzano.vip\/index.php?rest_route=%2Fwp%2Fv2%2Ftags&post=6981"}],"curies":[{"name":"wp","href":"https:\/\/api.w.org\/{rel}","templated":true}]}}