{"id":6931,"date":"2023-11-14T20:41:22","date_gmt":"2023-11-15T02:41:22","guid":{"rendered":"https:\/\/elveracruzano.vip\/?p=6931"},"modified":"2023-11-14T20:41:22","modified_gmt":"2023-11-15T02:41:22","slug":"minatitlan-conmemora-el-dia-mundial-de-la-diabetes-con-platicas-de-prevencion-y-concientizacion-dramedelpalma-gobminatitlan","status":"publish","type":"post","link":"https:\/\/elveracruzano.vip\/?p=6931","title":{"rendered":"Minatitl\u00e1n conmemora el D\u00eda Mundial de la Diabetes con pl\u00e1ticas de prevenci\u00f3n y concientizaci\u00f3n \/ @DraMedelPalma @gobminatitlan >>>"},"content":{"rendered":"\n<p><strong>#Minatitl\u00e1n, #Ver.- <\/strong>En conmemoraci\u00f3n del D\u00eda Mundial de la Diabetes, que se celebra cada a\u00f1o el 14 de noviembre, el Gobierno Municipal de Minatitl\u00e1n, encabezado por la doctora Carmen Medel Palma, a trav\u00e9s de la jefatura de salud, llev\u00f3 a cabo una pl\u00e1tica de concientizaci\u00f3n sobre esta enfermedad. La charla fue impartida por el Dr. Bryan Eduardo Aparicio Zavala y cont\u00f3 con la participaci\u00f3n de estudiantes de la licenciatura de enfermer\u00eda de la Universidad Jos\u00e9 Vasconcelos.<\/p>\n\n\n\n<p>Estas acciones forman parte del plan para mejorar la salud p\u00fablica que impulsa la alcaldesa Carmen Medel Palma, quien adem\u00e1s es presidenta de la Red Veracruzana de Municipios por la Salud. Durante el evento, el doctor Salvador S\u00e1nchez D\u00edaz, encargado de salud municipal, resalt\u00f3 la importancia de que la poblaci\u00f3n en general est\u00e9 informada sobre este padecimiento.<\/p>\n\n\n\n<p>En la actualidad, los \u00edndices de diabetes est\u00e1n en aumento y es fundamental que las nuevas generaciones se capaciten y adquieran conocimientos sobre esta enfermedad. La participaci\u00f3n activa de los estudiantes universitarios demuestra su compromiso y el inter\u00e9s por contribuir a mejorar las condiciones de vida en Minatitl\u00e1n.<\/p>\n\n\n\n<p>El Gobierno Municipal reafirma su compromiso con el bienestar y la calidad de vida de los ciudadanos. A trav\u00e9s de actividades como esta pl\u00e1tica de concientizaci\u00f3n, se busca promover h\u00e1bitos saludables y prevenir enfermedades como la diabetes.<\/p>\n\n\n\n<p><strong>#ElVeracruzanoVIP &#8211; <\/strong><a href=\"https:\/\/www.facebook.com\/ElVeracruzanoVIP\/\">El Veracruzano VIP<\/a><\/p>\n","protected":false},"excerpt":{"rendered":"<p>#Minatitl\u00e1n, #Ver.- En conmemoraci\u00f3n del D\u00eda Mundial de la Diabetes, que se celebra cada a\u00f1o el 14 de noviembre, el<\/p>\n","protected":false},"author":4,"featured_media":6932,"comment_status":"open","ping_status":"open","sticky":false,"template":"","format":"standard","meta":{"colormag_page_container_layout":"default_layout","colormag_page_sidebar_layout":"default_layout","rop_custom_images_group":[],"rop_custom_messages_group":[],"rop_publish_now":"initial","rop_publish_now_accounts":{"facebook_109133384920963_108472061465099":""},"rop_publish_now_history":[],"rop_publish_now_status":"pending","footnotes":""},"categories":[8],"tags":[80,20,39,19,21],"class_list":["post-6931","post","type-post","status-publish","format-standard","has-post-thumbnail","hentry","category-alcaldesas","tag-carmen-medel-palma","tag-enterate","tag-minatitlan","tag-redes-sociales","tag-ultima-hora"],"_links":{"self":[{"href":"https:\/\/elveracruzano.vip\/index.php?rest_route=\/wp\/v2\/posts\/6931","targetHints":{"allow":["GET"]}}],"collection":[{"href":"https:\/\/elveracruzano.vip\/index.php?rest_route=\/wp\/v2\/posts"}],"about":[{"href":"https:\/\/elveracruzano.vip\/index.php?rest_route=\/wp\/v2\/types\/post"}],"author":[{"embeddable":true,"href":"https:\/\/elveracruzano.vip\/index.php?rest_route=\/wp\/v2\/users\/4"}],"replies":[{"embeddable":true,"href":"https:\/\/elveracruzano.vip\/index.php?rest_route=%2Fwp%2Fv2%2Fcomments&post=6931"}],"version-history":[{"count":1,"href":"https:\/\/elveracruzano.vip\/index.php?rest_route=\/wp\/v2\/posts\/6931\/revisions"}],"predecessor-version":[{"id":6933,"href":"https:\/\/elveracruzano.vip\/index.php?rest_route=\/wp\/v2\/posts\/6931\/revisions\/6933"}],"wp:featuredmedia":[{"embeddable":true,"href":"https:\/\/elveracruzano.vip\/index.php?rest_route=\/wp\/v2\/media\/6932"}],"wp:attachment":[{"href":"https:\/\/elveracruzano.vip\/index.php?rest_route=%2Fwp%2Fv2%2Fmedia&parent=6931"}],"wp:term":[{"taxonomy":"category","embeddable":true,"href":"https:\/\/elveracruzano.vip\/index.php?rest_route=%2Fwp%2Fv2%2Fcategories&post=6931"},{"taxonomy":"post_tag","embeddable":true,"href":"https:\/\/elveracruzano.vip\/index.php?rest_route=%2Fwp%2Fv2%2Ftags&post=6931"}],"curies":[{"name":"wp","href":"https:\/\/api.w.org\/{rel}","templated":true}]}}