{"id":6923,"date":"2023-11-14T20:35:46","date_gmt":"2023-11-15T02:35:46","guid":{"rendered":"https:\/\/elveracruzano.vip\/?p=6923"},"modified":"2023-11-14T20:35:47","modified_gmt":"2023-11-15T02:35:47","slug":"expo-turismo-veracruz-cumple-expectativas-mas-de-4-mil-citas-de-negocios-y-ganancias-por-21-mdp-cuitlahuacgj-gobiernover","status":"publish","type":"post","link":"https:\/\/elveracruzano.vip\/?p=6923","title":{"rendered":"Expo Turismo Veracruz cumple expectativas: m\u00e1s de 4 mil citas de negocios y ganancias por 21 mdp \/ @CuitlahuacGJ @GobiernoVer >>>"},"content":{"rendered":"\n<p><strong>#GobiernoDeVeracruz.-<\/strong> Durante tres d\u00edas, la Expo Turismo Veracruz \u201cPasi\u00f3n por el Turismo\u201d logr\u00f3 generar 4 mil 347 citas de negocios, triplicando la cifra del a\u00f1o pasado. Adem\u00e1s, gener\u00f3 una derrama econ\u00f3mica de 21 millones de pesos y cont\u00f3 con la participaci\u00f3n de 627 expositores.<\/p>\n\n\n\n<p>Al concluir la plataforma de negocios m\u00e1s grande del sureste mexicano, la Secretar\u00eda de Turismo y Cultura, report\u00f3 un incremento del 14 por ciento en la ocupaci\u00f3n hotelera de la zona conurbada Veracruz\u2013Boca del R\u00edo, y una afluencia de 21 mil 700 personas entre especialistas, estudiantes y p\u00fablico en general.<\/p>\n\n\n\n<p>En este marco, se llev\u00f3 a cabo el primer Coloquio Internacional de Gobernanza y Sostenibilidad del Turismo: Impacto y retos de postpandemia, el cual result\u00f3 en la firma de la Declaraci\u00f3n de Veracruz para la Conformaci\u00f3n de la Comisi\u00f3n Gestora de la Red Iberoamericana de Municipios y Territorios Tur\u00edsticos, destac\u00f3 el titular de la dependencia, Iv\u00e1n Mart\u00ednez Olvera.<\/p>\n\n\n\n<p>Adem\u00e1s, fueron entregaron 943 sellos, distintivos, certificados CONOCER y credenciales de gu\u00edas de turistas a empresas y prestadores de servicios; certificados y reconocimientos a cadenas de valor de Pueblos M\u00e1gicos, y se dio inicio al programa&nbsp;<em>Rinc\u00f3n Veracruzano<\/em>, una pol\u00edtica integral que prioriza las artesan\u00edas como principal atractivo.<\/p>\n\n\n\n<p>En una evaluaci\u00f3n preliminar, la Expo ampl\u00eda su posicionamiento al contar como invitados a Bolivia, Cuba, Belice, Espa\u00f1a, Costa Rica, Honduras y Rep\u00fablica Dominicana, as\u00ed como 20 estados, entre ellos Baja California, Ciudad de M\u00e9xico, Chiapas, Chihuahua y Estado de M\u00e9xico, y los ocho Pueblos M\u00e1gicos de Veracruz.<\/p>\n\n\n\n<p><strong>#ElVeracruzanoVIP &#8211; <\/strong><a href=\"https:\/\/www.facebook.com\/ElVeracruzanoVIP\/\">El Veracruzano VIP<\/a><\/p>\n","protected":false},"excerpt":{"rendered":"<p>#GobiernoDeVeracruz.- Durante tres d\u00edas, la Expo Turismo Veracruz \u201cPasi\u00f3n por el Turismo\u201d logr\u00f3 generar 4 mil 347 citas de negocios,<\/p>\n","protected":false},"author":4,"featured_media":6924,"comment_status":"open","ping_status":"open","sticky":false,"template":"","format":"standard","meta":{"colormag_page_container_layout":"default_layout","colormag_page_sidebar_layout":"default_layout","rop_custom_images_group":[],"rop_custom_messages_group":[],"rop_publish_now":"initial","rop_publish_now_accounts":{"facebook_109133384920963_108472061465099":""},"rop_publish_now_history":[],"rop_publish_now_status":"pending","footnotes":""},"categories":[16],"tags":[17,20,18,19,21],"class_list":["post-6923","post","type-post","status-publish","format-standard","has-post-thumbnail","hentry","category-ultima-hora","tag-cuitlahuac-garcia-jimenez","tag-enterate","tag-gobierno-del-estado-de-veracruz","tag-redes-sociales","tag-ultima-hora"],"_links":{"self":[{"href":"https:\/\/elveracruzano.vip\/index.php?rest_route=\/wp\/v2\/posts\/6923","targetHints":{"allow":["GET"]}}],"collection":[{"href":"https:\/\/elveracruzano.vip\/index.php?rest_route=\/wp\/v2\/posts"}],"about":[{"href":"https:\/\/elveracruzano.vip\/index.php?rest_route=\/wp\/v2\/types\/post"}],"author":[{"embeddable":true,"href":"https:\/\/elveracruzano.vip\/index.php?rest_route=\/wp\/v2\/users\/4"}],"replies":[{"embeddable":true,"href":"https:\/\/elveracruzano.vip\/index.php?rest_route=%2Fwp%2Fv2%2Fcomments&post=6923"}],"version-history":[{"count":1,"href":"https:\/\/elveracruzano.vip\/index.php?rest_route=\/wp\/v2\/posts\/6923\/revisions"}],"predecessor-version":[{"id":6925,"href":"https:\/\/elveracruzano.vip\/index.php?rest_route=\/wp\/v2\/posts\/6923\/revisions\/6925"}],"wp:featuredmedia":[{"embeddable":true,"href":"https:\/\/elveracruzano.vip\/index.php?rest_route=\/wp\/v2\/media\/6924"}],"wp:attachment":[{"href":"https:\/\/elveracruzano.vip\/index.php?rest_route=%2Fwp%2Fv2%2Fmedia&parent=6923"}],"wp:term":[{"taxonomy":"category","embeddable":true,"href":"https:\/\/elveracruzano.vip\/index.php?rest_route=%2Fwp%2Fv2%2Fcategories&post=6923"},{"taxonomy":"post_tag","embeddable":true,"href":"https:\/\/elveracruzano.vip\/index.php?rest_route=%2Fwp%2Fv2%2Ftags&post=6923"}],"curies":[{"name":"wp","href":"https:\/\/api.w.org\/{rel}","templated":true}]}}