{"id":6878,"date":"2023-11-07T20:45:34","date_gmt":"2023-11-08T02:45:34","guid":{"rendered":"http:\/\/elveracruzano.vip\/?p=6878"},"modified":"2023-11-07T20:45:54","modified_gmt":"2023-11-08T02:45:54","slug":"el-gobierno-de-coatzacoalcos-presenta-la-segunda-edicion-de-la-guelaguetza-coatzacoalcos-2023-cruzmalpica-coatzagob","status":"publish","type":"post","link":"https:\/\/elveracruzano.vip\/?p=6878","title":{"rendered":"El gobierno de Coatzacoalcos presenta la Segunda Edici\u00f3n de la Guelaguetza Coatzacoalcos 2023 \/ @CruzMalpica @coatzagob >>>"},"content":{"rendered":"\n<p><strong>#Coatzacoalcos, #Ver.- <\/strong>Por segundo a\u00f1o consecutivo, el gobierno municipal que dirige Amado Cruz Malpica, a trav\u00e9s de la regidur\u00eda segunda a cargo de Mar\u00eda Sandra Collins Coronel, present\u00f3 la pr\u00f3xima realizaci\u00f3n de \u201cLa Guelaguetza Coatzacoalcos 2023\u201d, un evento cultural que rinde homenaje a la rica tradici\u00f3n oaxaque\u00f1a y que ha sido ampliamente apreciada por los habitantes de Coatzacoalcos.<\/p>\n\n\n\n<p>Al ritmo de los sonidos tradicionales del Istmo, las autoridades municipales llevaron a cabo una rueda de prensa en la que dieron a conocer los detalles del evento. La inauguraci\u00f3n se llevar\u00e1 a cabo el 10 de noviembre a las 18:00 horas. Los d\u00edas 11 y 12 de noviembre, se efectuar\u00e1 la calenda, agenda que partir\u00e1 desde la avenida Rufino Tamayo esquina John Spark hasta las instalaciones de la Expo Feria.<\/p>\n\n\n\n<p>Posteriormente, se presentar\u00e1 el espect\u00e1culo folkl\u00f3rico \u201cLa Guelaguetza\u201d, que mostrar\u00e1 las ricas tradiciones culturales de las ocho regiones del estado de Oaxaca. Del 13 al 18 de noviembre, la semana cultural se vivir\u00e1 con mucha alegr\u00eda con la participaci\u00f3n de ballets folkl\u00f3ricos, grupos musicales, deliciosa gastronom\u00eda oaxaque\u00f1a, artesan\u00edas y una feria del mezcal, a partir de las 17:00 horas en las instalaciones de la Expo feria.<\/p>\n\n\n\n<p><br>Finalmente, el 19 de noviembre, a las 18:00 horas se llevar\u00e1 a cabo la clausura del programa cultural con un baile popular y la exhibici\u00f3n de alebrijes monumentales.<\/p>\n\n\n\n<p><br>La regidora segunda, Mar\u00eda Sandra Collins Coronel, inform\u00f3 que el presidente municipal, Amado Jes\u00fas Cruz Malpica, ha instruido que todas las actividades sean de acceso gratuito, permitiendo que la ciudadan\u00eda disfrute plenamente de la riqueza de la cultura oaxaque\u00f1a.<\/p>\n\n\n\n<p><strong>#ElVeracruzanoVIP &#8211; <\/strong><a href=\"https:\/\/www.facebook.com\/ElVeracruzanoVIP\/\">El Veracruzano VIP<\/a><\/p>\n","protected":false},"excerpt":{"rendered":"<p>#Coatzacoalcos, #Ver.- Por segundo a\u00f1o consecutivo, el gobierno municipal que dirige Amado Cruz Malpica, a trav\u00e9s de la regidur\u00eda segunda<\/p>\n","protected":false},"author":4,"featured_media":6879,"comment_status":"open","ping_status":"open","sticky":false,"template":"","format":"standard","meta":{"colormag_page_container_layout":"default_layout","colormag_page_sidebar_layout":"default_layout","rop_custom_images_group":[],"rop_custom_messages_group":[],"rop_publish_now":"initial","rop_publish_now_accounts":{"facebook_109133384920963_108472061465099":""},"rop_publish_now_history":[],"rop_publish_now_status":"pending","footnotes":""},"categories":[10],"tags":[78,37,20,19,21],"class_list":["post-6878","post","type-post","status-publish","format-standard","has-post-thumbnail","hentry","category-municipios","tag-amado-cruz-malpica","tag-coatzacoalcos","tag-enterate","tag-redes-sociales","tag-ultima-hora"],"_links":{"self":[{"href":"https:\/\/elveracruzano.vip\/index.php?rest_route=\/wp\/v2\/posts\/6878","targetHints":{"allow":["GET"]}}],"collection":[{"href":"https:\/\/elveracruzano.vip\/index.php?rest_route=\/wp\/v2\/posts"}],"about":[{"href":"https:\/\/elveracruzano.vip\/index.php?rest_route=\/wp\/v2\/types\/post"}],"author":[{"embeddable":true,"href":"https:\/\/elveracruzano.vip\/index.php?rest_route=\/wp\/v2\/users\/4"}],"replies":[{"embeddable":true,"href":"https:\/\/elveracruzano.vip\/index.php?rest_route=%2Fwp%2Fv2%2Fcomments&post=6878"}],"version-history":[{"count":2,"href":"https:\/\/elveracruzano.vip\/index.php?rest_route=\/wp\/v2\/posts\/6878\/revisions"}],"predecessor-version":[{"id":6881,"href":"https:\/\/elveracruzano.vip\/index.php?rest_route=\/wp\/v2\/posts\/6878\/revisions\/6881"}],"wp:featuredmedia":[{"embeddable":true,"href":"https:\/\/elveracruzano.vip\/index.php?rest_route=\/wp\/v2\/media\/6879"}],"wp:attachment":[{"href":"https:\/\/elveracruzano.vip\/index.php?rest_route=%2Fwp%2Fv2%2Fmedia&parent=6878"}],"wp:term":[{"taxonomy":"category","embeddable":true,"href":"https:\/\/elveracruzano.vip\/index.php?rest_route=%2Fwp%2Fv2%2Fcategories&post=6878"},{"taxonomy":"post_tag","embeddable":true,"href":"https:\/\/elveracruzano.vip\/index.php?rest_route=%2Fwp%2Fv2%2Ftags&post=6878"}],"curies":[{"name":"wp","href":"https:\/\/api.w.org\/{rel}","templated":true}]}}